{"id":118427,"date":"2023-02-10T10:02:42","date_gmt":"2023-02-10T13:02:42","guid":{"rendered":"https:\/\/vinasfm.com\/noticias\/?p=118427"},"modified":"2023-02-11T12:01:56","modified_gmt":"2023-02-11T15:01:56","slug":"silvina-melzi-sobre-el-trasvase-el-agua-es-fundamental-para-todos","status":"publish","type":"post","link":"https:\/\/vinasfm.com\/noticias\/silvina-melzi-sobre-el-trasvase-el-agua-es-fundamental-para-todos\/","title":{"rendered":"SILVINA MELZI SOBRE EL TRASVASE: &#8216;EL AGUA ES FUNDAMENTAL PARA TODOS&#8217;"},"content":{"rendered":"<h4><strong>La concejal del PJ Departamental Silvina Melzi habl\u00f3 acerca de la reuni\u00f3n que tuvieron por el TRASVASE\u00a0<\/strong><\/h4>\n<p>En primer lugar detall\u00f3 el trabajo que esta desarrollando en conjunto con otros departamentos: <em><strong>&#8216;A ra\u00edz de un ardo trabajo que estamos realizando con otros concejales, venimos hace tiempo trabajando en un proyecto integral , ellos son de San Rafael (Nadir Yasuff)\u00a0 y Malarg\u00fce (Rodrigo Hidalgo)&#8217;\u00a0<\/strong><\/em><\/p>\n<p>Del mismo modo explico cual es su objetivo principal: <em><strong>&#8216;Nuestra iniciativa es que se realice el trasvase y en segundo lugar que los fondos nacionales queden en el sur de la provincia con obras h\u00eddricas para regionalizar a nuestro departamento. Estamos trabajando en la misma linea, sabemos que Malarg\u00fce tiene algunos intereses que pueden contraponerse, nosotros con San Rafael trabajamos con mas coincidencias pero entendemos que el agua es fundamental para todos&#8217;<\/strong><\/em><\/p>\n<p>Asimismo agreg\u00f3: <em><strong>&#8216;Hace mas de 20 d\u00edas hicimos una reuni\u00f3n en la Delegaci\u00f3n de Irrigaci\u00f3n con inspectores de causes, productores, regantes y algunos pol\u00edticos que nos sumamos a esta decisi\u00f3n porque entendemos que principalmente es una decisi\u00f3n pol\u00edtica, de ah\u00ed surgi\u00f3 una nota para que el se\u00f1or Pablo Magistocchi bajara al departamento para que se tomara un tiempo para escucharnos desde el sur de la provincia, no tuvimos respuesta alguna sobre esto y por esto que volvimos a juntarnos con la idea de generar ideas concretas. Conseguimos una audiciencia con el intendente que se dar\u00e1 hoy a las 11:00 AM donde no recibir\u00e1 a concejales&#8217;<\/strong><\/em><\/p>\n","protected":false},"excerpt":{"rendered":"<p>La concejal del PJ Departamental Silvina Melzi habl\u00f3 acerca de la reuni\u00f3n que tuvieron por el TRASVASE\u00a0 En primer lugar detall\u00f3 &#8230;<\/p>\n","protected":false},"author":7,"featured_media":114285,"comment_status":"open","ping_status":"open","sticky":false,"template":"","format":"standard","meta":{"footnotes":""},"categories":[5,10],"tags":[],"class_list":["post-118427","post","type-post","status-publish","format-standard","has-post-thumbnail","hentry","category-actualidad","category-destacadas"],"_links":{"self":[{"href":"https:\/\/vinasfm.com\/noticias\/wp-json\/wp\/v2\/posts\/118427","targetHints":{"allow":["GET"]}}],"collection":[{"href":"https:\/\/vinasfm.com\/noticias\/wp-json\/wp\/v2\/posts"}],"about":[{"href":"https:\/\/vinasfm.com\/noticias\/wp-json\/wp\/v2\/types\/post"}],"author":[{"embeddable":true,"href":"https:\/\/vinasfm.com\/noticias\/wp-json\/wp\/v2\/users\/7"}],"replies":[{"embeddable":true,"href":"https:\/\/vinasfm.com\/noticias\/wp-json\/wp\/v2\/comments?post=118427"}],"version-history":[{"count":1,"href":"https:\/\/vinasfm.com\/noticias\/wp-json\/wp\/v2\/posts\/118427\/revisions"}],"predecessor-version":[{"id":118434,"href":"https:\/\/vinasfm.com\/noticias\/wp-json\/wp\/v2\/posts\/118427\/revisions\/118434"}],"wp:featuredmedia":[{"embeddable":true,"href":"https:\/\/vinasfm.com\/noticias\/wp-json\/wp\/v2\/media\/114285"}],"wp:attachment":[{"href":"https:\/\/vinasfm.com\/noticias\/wp-json\/wp\/v2\/media?parent=118427"}],"wp:term":[{"taxonomy":"category","embeddable":true,"href":"https:\/\/vinasfm.com\/noticias\/wp-json\/wp\/v2\/categories?post=118427"},{"taxonomy":"post_tag","embeddable":true,"href":"https:\/\/vinasfm.com\/noticias\/wp-json\/wp\/v2\/tags?post=118427"}],"curies":[{"name":"wp","href":"https:\/\/api.w.org\/{rel}","templated":true}]}}