{"id":118425,"date":"2023-02-10T09:42:10","date_gmt":"2023-02-10T12:42:10","guid":{"rendered":"https:\/\/vinasfm.com\/noticias\/?p=118425"},"modified":"2023-02-11T11:10:37","modified_gmt":"2023-02-11T14:10:37","slug":"desde-coprosamen-brindaron-detalles-sobre-la-campana-de-vacunacion","status":"publish","type":"post","link":"https:\/\/vinasfm.com\/noticias\/desde-coprosamen-brindaron-detalles-sobre-la-campana-de-vacunacion\/","title":{"rendered":"DESDE COPROSAMEN BRINDARON DETALLES SOBRE LA CAMPA\u00d1A DE VACUNACI\u00d3N"},"content":{"rendered":"<h4>En camino a la campa\u00f1a de vacunaci\u00f3n de terneros, el Gerente de COPROSAMEN Carlos Iriarte, dio detalles sobre las fechas y procesos de vacunaci\u00f3n.<\/h4>\n<p><strong><em>&#8216;Ya est\u00e1n todas las dosis en todas las delegaciones de la fundaci\u00f3n. Ya estamos tomando los pedidos de fecha para comenzar a vacunar<\/em><\/strong>&#8216; explic\u00f3 Iriarte. Ante la duda del comienzo de la campa\u00f1a en a\u00f1os anteriores, explic\u00f3:<strong><em> &#8216;el a\u00f1o pasado la fundaci\u00f3n decidi\u00f3 empezar la campa\u00f1a en marzo debido a que las vacas eran muy chicas. En funci\u00f3n de los pedidos de los productores, por la sequ\u00eda existente, la COPROSAMEN solicit\u00f3 al Senasa el adelantamiento de 15 d\u00edas respecto al a\u00f1o pasado&#8217;.\u00a0<\/em><\/strong><\/p>\n<p>En relaci\u00f3n al reconocimiento de 50 dosis por parte del Gobierno, coment\u00f3 <strong><em>&#8216;no todos obtienen 50 dosis, hay m\u00e1s de 2.000 productores que no alcanzan a las 50 dosis. Pero hay un 60% de productores que no van a pagar las vacunas, en este momento estamos dando los \u00faltimos retoques al convenio para que pueda estar disponible para todos los productores&#8217;.<\/em><\/strong><\/p>\n<p>Al igual que todos los a\u00f1os, para acceder a las vacunas, el productor debe hacer el pedido con 72 horas de anticipaci\u00f3n en cada delegaci\u00f3n (puede elegir el profesional dentro del listado).<\/p>\n<p>El precio inicial de la vacuna era de $673 y tras ajustes se logr\u00f3 reducirlo a $648. <strong><em>&#8216;Normalmente el precio de la vacuna no est\u00e1 relacionado con el precio del ternero, sino que se gu\u00eda por otros \u00edtems. Nuestro mayor costo operativo son los sueldos de administrativos que est\u00e1n regidos por el Convenio Colectivo de Trabajo de los Empleados de Comercio&#8217; <\/em><\/strong>explic\u00f3 a F.M VI\u00d1AS.<\/p>\n<p><strong><em>&#8216;Estamos atravesados por una gran sequ\u00eda desde hace a\u00f1os, hace 15 a\u00f1os se utilizaban 600.000 vacunas y el a\u00f1o pasado se colocaron 470.000. En los \u00faltimos a\u00f1os se produjo una perdida de capacidad en los campos, indudablemente por el faltante de agua; no sabemos si es algo permanente pero hace m\u00e1s de 10 a\u00f1os que las precipitaciones han disminuido&#8217;<\/em><\/strong>, explic\u00f3.<\/p>\n<p>De la mano de las sequ\u00edas viene la escases de alimento para vacunos y con ello los atrasos en la parici\u00f3n de las vacas, <em><strong>&#8216;cuando las lluvias se retrasan, tambi\u00e9n se retrasa la oferta de pastos que modifica la parici\u00f3n. En el caso de las vacas, hasta que no recuperen su condici\u00f3n corporal no hay posibilidad de nacimiento de nuevos terneros&#8217; <\/strong><\/em>desarroll\u00f3 Iriarte.<\/p>\n<p>Antes de finalizar, el Gerente de Coprosamen recomend\u00f3 que <strong><em>&#8216;los productores que mantienen deudas, intenten abonar antes del lunes para pagar las vacunas al precio actual&#8217;.\u00a0<\/em><\/strong><\/p>\n<h6>G. Vallejos.<\/h6>\n","protected":false},"excerpt":{"rendered":"<p>En camino a la campa\u00f1a de vacunaci\u00f3n de terneros, el Gerente de COPROSAMEN Carlos Iriarte, dio detalles sobre las fechas y &#8230;<\/p>\n","protected":false},"author":7,"featured_media":118429,"comment_status":"open","ping_status":"open","sticky":false,"template":"","format":"standard","meta":{"footnotes":""},"categories":[5,14],"tags":[],"class_list":["post-118425","post","type-post","status-publish","format-standard","has-post-thumbnail","hentry","category-actualidad","category-agro"],"_links":{"self":[{"href":"https:\/\/vinasfm.com\/noticias\/wp-json\/wp\/v2\/posts\/118425","targetHints":{"allow":["GET"]}}],"collection":[{"href":"https:\/\/vinasfm.com\/noticias\/wp-json\/wp\/v2\/posts"}],"about":[{"href":"https:\/\/vinasfm.com\/noticias\/wp-json\/wp\/v2\/types\/post"}],"author":[{"embeddable":true,"href":"https:\/\/vinasfm.com\/noticias\/wp-json\/wp\/v2\/users\/7"}],"replies":[{"embeddable":true,"href":"https:\/\/vinasfm.com\/noticias\/wp-json\/wp\/v2\/comments?post=118425"}],"version-history":[{"count":4,"href":"https:\/\/vinasfm.com\/noticias\/wp-json\/wp\/v2\/posts\/118425\/revisions"}],"predecessor-version":[{"id":118465,"href":"https:\/\/vinasfm.com\/noticias\/wp-json\/wp\/v2\/posts\/118425\/revisions\/118465"}],"wp:featuredmedia":[{"embeddable":true,"href":"https:\/\/vinasfm.com\/noticias\/wp-json\/wp\/v2\/media\/118429"}],"wp:attachment":[{"href":"https:\/\/vinasfm.com\/noticias\/wp-json\/wp\/v2\/media?parent=118425"}],"wp:term":[{"taxonomy":"category","embeddable":true,"href":"https:\/\/vinasfm.com\/noticias\/wp-json\/wp\/v2\/categories?post=118425"},{"taxonomy":"post_tag","embeddable":true,"href":"https:\/\/vinasfm.com\/noticias\/wp-json\/wp\/v2\/tags?post=118425"}],"curies":[{"name":"wp","href":"https:\/\/api.w.org\/{rel}","templated":true}]}}