{"id":118415,"date":"2023-02-10T08:25:32","date_gmt":"2023-02-10T11:25:32","guid":{"rendered":"https:\/\/vinasfm.com\/noticias\/?p=118415"},"modified":"2023-02-10T09:53:33","modified_gmt":"2023-02-10T12:53:33","slug":"rige-alerta-roja-en-mendza-calor-extremo-y-tormentas-el-combo-del-viernes","status":"publish","type":"post","link":"https:\/\/vinasfm.com\/noticias\/rige-alerta-roja-en-mendza-calor-extremo-y-tormentas-el-combo-del-viernes\/","title":{"rendered":"RIGE ALERTA ROJA EN MENDOZA, CALOR EXTREMO Y TORMENTAS: EL COMBO DEL VIERNES"},"content":{"rendered":"<h4><strong>La m\u00e1xima podr\u00eda rozar hoy los 40\u00b0C. Recomendaciones para la salud.<\/strong><\/h4>\n<p><a href=\"https:\/\/vinasfm.com\/noticias\/wp-content\/uploads\/2023\/02\/WhatsApp-Image-2023-02-10-at-09.46.56.jpeg\"><img loading=\"lazy\" decoding=\"async\" class=\"wp-image-118431 aligncenter\" src=\"https:\/\/vinasfm.com\/noticias\/wp-content\/uploads\/2023\/02\/WhatsApp-Image-2023-02-10-at-09.46.56.jpeg\" alt=\"\" width=\"600\" height=\"604\" srcset=\"https:\/\/vinasfm.com\/noticias\/wp-content\/uploads\/2023\/02\/WhatsApp-Image-2023-02-10-at-09.46.56.jpeg 720w, https:\/\/vinasfm.com\/noticias\/wp-content\/uploads\/2023\/02\/WhatsApp-Image-2023-02-10-at-09.46.56-298x300.jpeg 298w, https:\/\/vinasfm.com\/noticias\/wp-content\/uploads\/2023\/02\/WhatsApp-Image-2023-02-10-at-09.46.56-150x150.jpeg 150w\" sizes=\"auto, (max-width: 600px) 100vw, 600px\" \/><\/a><\/p>\n<p>Los d\u00edas de intenso calor en <b>Mendoza\u00a0<\/b>a\u00fan no tienen final. Es que\u00a0<b>este viernes podr\u00eda convertirse en el m\u00e1s agobiante de la semana<\/b>, con una m\u00e1xima cercana a los 40\u00b0C y una<b>\u00a0alerta vigente por tormentas.<\/b><\/p>\n<p>Los d\u00edas de intenso calor en\u00a0<b>Mendoza\u00a0<\/b>a\u00fan no tienen final. Es que\u00a0<b>este viernes podr\u00eda convertirse en el m\u00e1s agobiante de la semana<\/b>, con una m\u00e1xima cercana a los 40\u00b0C y una<b> alerta vigente por tormentas.<\/b><\/p>\n<p>La Direcci\u00f3n de Agricultura y Contingencias Clim\u00e1ticas anunci\u00f3 en su\u00a0<b>pron\u00f3stico\u00a0<\/b>para\u00a0<b>hoy<\/b>: <strong><em>&#8216;Muy caluroso con nubosidad variable y tormentas aisladas hacia la noche, vientos moderados del noreste&#8217;.<\/em><\/strong> La <b>m\u00e1xima llegar\u00e1 a los 39\u00b0C<\/b>\u00a0en horas de la tarde.<\/p>\n<p>En ese sentido, el\u00a0<b>Servicio Meteorol\u00f3gico Nacional<\/b>\u00a0renov\u00f3 la\u00a0<b>alerta roja por temperaturas extremas\u00a0<\/b>para el este de Las Heras, Lavalle, San Mart\u00edn, Santa Rosa, La Paz, San Rafael y General Alvear. Adem\u00e1s, mantuvo el nivel\u00a0<b>naranja\u00a0<\/b>para el resto de la provincia.<\/p>\n<p>Otra alerta emitida por el SMN es amarilla por\u00a0<b>tormentas\u00a0<\/b>en General Alvear y la zona baja de San Rafael, en horas de la tarde y noche.<\/p>\n<p><em><strong>&#8216;El \u00e1rea ser\u00e1 afectada por tormentas de variada intensidad, pudiendo ser algunas localmente fuertes. Las mismas estar\u00e1n acompa\u00f1adas con r\u00e1fagas, importante<\/strong> <b>actividad el\u00e9ctrica<\/b>, <strong>ocasional ca\u00edda de<\/strong>\u00a0<b>granizo\u00a0<\/b><strong>y abundante ca\u00edda de agua en cortos per\u00edodos de tiempo. Se esperan valores de precipitaci\u00f3n acumulada entre 15 y 30 mm, pudiendo ser superados en forma puntual&#8217;<\/strong><\/em>, indic\u00f3.<\/p>\n<p>\u00bfQu\u00e9 es la alerta roja?<\/p>\n<ul>\n<li><b>\u00a0<\/b>Efecto alto a extremo en la salud. Las temperaturas extremas pueden ser muy peligrosas y afectar a todas las personas, incluso a las saludables.<\/li>\n<\/ul>\n<p>\u00bfQu\u00e9 es la alerta naranja?<\/p>\n<ul>\n<li>Efecto moderado a alto en la salud. Las\u00a0<b>temperaturas extremas pueden ser muy peligrosas,<\/b>\u00a0especialmente para los grupos de riesgo.<\/li>\n<\/ul>\n<p>Recomendaciones ante el calor<\/p>\n<ul>\n<li>Aumentar el consumo de l\u00edquidos (agua potable) sin esperar a tener sed para hidratarse.<\/li>\n<li>No exponerse al sol en exceso, sobre todo entre las 11 y las 17.<\/li>\n<li>Evitar las bebidas alcoh\u00f3licas o muy azucaradas.<\/li>\n<li>Evitar comidas muy abundantes.<\/li>\n<li>Ingerir verduras y frutas.<\/li>\n<li>Reducir la actividad f\u00edsica.<\/li>\n<li>Usar ropa ligera, holgada y de colores claros; sombrero; anteojos oscuros.<\/li>\n<li>Permanecer en espacios ventilados o acondicionados.<\/li>\n<\/ul>\n","protected":false},"excerpt":{"rendered":"<p>La m\u00e1xima podr\u00eda rozar hoy los 40\u00b0C. Recomendaciones para la salud. Los d\u00edas de intenso calor en Mendoza\u00a0a\u00fan no tienen final. &#8230;<\/p>\n","protected":false},"author":7,"featured_media":69436,"comment_status":"open","ping_status":"open","sticky":false,"template":"","format":"standard","meta":{"footnotes":""},"categories":[1],"tags":[],"class_list":["post-118415","post","type-post","status-publish","format-standard","has-post-thumbnail","hentry","category-fmvinas"],"_links":{"self":[{"href":"https:\/\/vinasfm.com\/noticias\/wp-json\/wp\/v2\/posts\/118415","targetHints":{"allow":["GET"]}}],"collection":[{"href":"https:\/\/vinasfm.com\/noticias\/wp-json\/wp\/v2\/posts"}],"about":[{"href":"https:\/\/vinasfm.com\/noticias\/wp-json\/wp\/v2\/types\/post"}],"author":[{"embeddable":true,"href":"https:\/\/vinasfm.com\/noticias\/wp-json\/wp\/v2\/users\/7"}],"replies":[{"embeddable":true,"href":"https:\/\/vinasfm.com\/noticias\/wp-json\/wp\/v2\/comments?post=118415"}],"version-history":[{"count":5,"href":"https:\/\/vinasfm.com\/noticias\/wp-json\/wp\/v2\/posts\/118415\/revisions"}],"predecessor-version":[{"id":118432,"href":"https:\/\/vinasfm.com\/noticias\/wp-json\/wp\/v2\/posts\/118415\/revisions\/118432"}],"wp:featuredmedia":[{"embeddable":true,"href":"https:\/\/vinasfm.com\/noticias\/wp-json\/wp\/v2\/media\/69436"}],"wp:attachment":[{"href":"https:\/\/vinasfm.com\/noticias\/wp-json\/wp\/v2\/media?parent=118415"}],"wp:term":[{"taxonomy":"category","embeddable":true,"href":"https:\/\/vinasfm.com\/noticias\/wp-json\/wp\/v2\/categories?post=118415"},{"taxonomy":"post_tag","embeddable":true,"href":"https:\/\/vinasfm.com\/noticias\/wp-json\/wp\/v2\/tags?post=118415"}],"curies":[{"name":"wp","href":"https:\/\/api.w.org\/{rel}","templated":true}]}}