{"id":118402,"date":"2023-02-09T11:29:56","date_gmt":"2023-02-09T14:29:56","guid":{"rendered":"https:\/\/vinasfm.com\/noticias\/?p=118402"},"modified":"2023-02-10T10:15:52","modified_gmt":"2023-02-10T13:15:52","slug":"pseudo-mapuches-se-suma-una-nueva-columna-a-la-caravana","status":"publish","type":"post","link":"https:\/\/vinasfm.com\/noticias\/pseudo-mapuches-se-suma-una-nueva-columna-a-la-caravana\/","title":{"rendered":"PSEUDO MAPUCHES: SE SUMA UNA NUEVA COLUMNA A LA CARAVANA"},"content":{"rendered":"<h4 class=\"news-headline__article-summary\"><strong>El 18 de febrero se reunir\u00e1n dos columnas para protestar contra la entrega de tierras a pseudo mapuches. Partir\u00e1n desde Valle de Uco y San Rafael.<\/strong><\/h4>\n<article class=\"article-body article-body--first-paragraph\" data-td-script-src=\"https:\/\/www.sitioandino.com.ar\/td\/modulos\/encuestas\/js\/function-embeds-min-version-1661266680.js\">El reclamo por las resoluciones del Instituto Nacional de Asuntos Ind\u00edgenas (INAI) que reconocieron<strong>\u00a0terrenos a supuestas comunidades mapuches<\/strong>\u00a0en El Sosneado y Malarg\u00fce contin\u00faa. El pr\u00f3ximo 18 de febrero se realizar\u00e1 una caravana que contar\u00e1 con dos columnas provenientes de distintas partes de la provincia.<\/article>\n<article class=\"article-body article-body--second-paragraph\">Luego de que el gobernador\u00a0<strong>Rodolfo Suarez<\/strong>\u00a0anunciara que realizar\u00e1 los cuestionamientos correspondientes por v\u00eda administrativa, se defini\u00f3 una marcha contra la cesi\u00f3n de tierras.<a href=\"https:\/\/vinasfm.com\/noticias\/wp-content\/uploads\/2023\/02\/WhatsApp-Image-2023-02-09-at-11.24.34.jpeg\"><img loading=\"lazy\" decoding=\"async\" class=\"wp-image-118404 aligncenter\" src=\"https:\/\/vinasfm.com\/noticias\/wp-content\/uploads\/2023\/02\/WhatsApp-Image-2023-02-09-at-11.24.34.jpeg\" alt=\"\" width=\"600\" height=\"600\" srcset=\"https:\/\/vinasfm.com\/noticias\/wp-content\/uploads\/2023\/02\/WhatsApp-Image-2023-02-09-at-11.24.34.jpeg 1080w, https:\/\/vinasfm.com\/noticias\/wp-content\/uploads\/2023\/02\/WhatsApp-Image-2023-02-09-at-11.24.34-300x300.jpeg 300w, https:\/\/vinasfm.com\/noticias\/wp-content\/uploads\/2023\/02\/WhatsApp-Image-2023-02-09-at-11.24.34-1024x1024.jpeg 1024w, https:\/\/vinasfm.com\/noticias\/wp-content\/uploads\/2023\/02\/WhatsApp-Image-2023-02-09-at-11.24.34-150x150.jpeg 150w, https:\/\/vinasfm.com\/noticias\/wp-content\/uploads\/2023\/02\/WhatsApp-Image-2023-02-09-at-11.24.34-768x768.jpeg 768w, https:\/\/vinasfm.com\/noticias\/wp-content\/uploads\/2023\/02\/WhatsApp-Image-2023-02-09-at-11.24.34-360x360.jpeg 360w, https:\/\/vinasfm.com\/noticias\/wp-content\/uploads\/2023\/02\/WhatsApp-Image-2023-02-09-at-11.24.34-750x750.jpeg 750w\" sizes=\"auto, (max-width: 600px) 100vw, 600px\" \/><\/a><\/p>\n<article class=\"article-body article-body--second-paragraph\">Por un lado,<strong>\u00a0habr\u00e1 una columna que iniciar\u00e1 su recorrido en General Alvear<\/strong>. Desde all\u00ed se dirigir\u00e1 a la Rotonda del Mapa en San Rafael y, posteriormente, terminar\u00e1 el recorrido en El Sosneado.<\/article>\n<article class=\"article-body article-body--second-paragraph\">La otra secci\u00f3n reunir\u00e1 a quienes provengan de la\u00a0<strong>zona Norte, Valle de Uco y el Este<\/strong>. Se iniciar\u00e1 en Pareditas y se juntar\u00e1 en El Sosneado con la columna anterior. A partir de ah\u00ed, marchar\u00e1n hasta la zona en donde est\u00e1n los supuestos mapuches.<\/article>\n<article class=\"article-body article-body--third-paragraph\">Seg\u00fan los organizadores del evento,\u00a0<strong>piden que la marcha sea pac\u00edfica, sin banderas pol\u00edticas<\/strong> y <strong><em>&#8216;solo los colores de Argentina, para pedirle al presidente Fern\u00e1ndez que retrotraiga la entrega de tierra a falsos mapuches&#8217;.<\/em><\/strong><\/article>\n<\/article>\n","protected":false},"excerpt":{"rendered":"<p>El 18 de febrero se reunir\u00e1n dos columnas para protestar contra la entrega de tierras a pseudo mapuches. Partir\u00e1n desde Valle &#8230;<\/p>\n","protected":false},"author":7,"featured_media":118403,"comment_status":"open","ping_status":"open","sticky":false,"template":"","format":"standard","meta":{"footnotes":""},"categories":[5,10],"tags":[],"class_list":["post-118402","post","type-post","status-publish","format-standard","has-post-thumbnail","hentry","category-actualidad","category-destacadas"],"_links":{"self":[{"href":"https:\/\/vinasfm.com\/noticias\/wp-json\/wp\/v2\/posts\/118402","targetHints":{"allow":["GET"]}}],"collection":[{"href":"https:\/\/vinasfm.com\/noticias\/wp-json\/wp\/v2\/posts"}],"about":[{"href":"https:\/\/vinasfm.com\/noticias\/wp-json\/wp\/v2\/types\/post"}],"author":[{"embeddable":true,"href":"https:\/\/vinasfm.com\/noticias\/wp-json\/wp\/v2\/users\/7"}],"replies":[{"embeddable":true,"href":"https:\/\/vinasfm.com\/noticias\/wp-json\/wp\/v2\/comments?post=118402"}],"version-history":[{"count":3,"href":"https:\/\/vinasfm.com\/noticias\/wp-json\/wp\/v2\/posts\/118402\/revisions"}],"predecessor-version":[{"id":118439,"href":"https:\/\/vinasfm.com\/noticias\/wp-json\/wp\/v2\/posts\/118402\/revisions\/118439"}],"wp:featuredmedia":[{"embeddable":true,"href":"https:\/\/vinasfm.com\/noticias\/wp-json\/wp\/v2\/media\/118403"}],"wp:attachment":[{"href":"https:\/\/vinasfm.com\/noticias\/wp-json\/wp\/v2\/media?parent=118402"}],"wp:term":[{"taxonomy":"category","embeddable":true,"href":"https:\/\/vinasfm.com\/noticias\/wp-json\/wp\/v2\/categories?post=118402"},{"taxonomy":"post_tag","embeddable":true,"href":"https:\/\/vinasfm.com\/noticias\/wp-json\/wp\/v2\/tags?post=118402"}],"curies":[{"name":"wp","href":"https:\/\/api.w.org\/{rel}","templated":true}]}}