{"id":118399,"date":"2023-02-09T11:18:58","date_gmt":"2023-02-09T14:18:58","guid":{"rendered":"https:\/\/vinasfm.com\/noticias\/?p=118399"},"modified":"2023-02-10T10:03:16","modified_gmt":"2023-02-10T13:03:16","slug":"cerro-amarillo-la-legislatura-reactiva-el-debate","status":"publish","type":"post","link":"https:\/\/vinasfm.com\/noticias\/cerro-amarillo-la-legislatura-reactiva-el-debate\/","title":{"rendered":"CERRO AMARILLO: LA LEGISLATURA REACTIVA EL DEBATE"},"content":{"rendered":"<h4 class=\"news-headline__article-summary\"><strong>Se estudiar\u00e1 en comisiones de la Legislatura el proyecto de la Declaraci\u00f3n de Impacto Ambiental (DIA) para la etapa de exploraci\u00f3n minera de Cerro Amarillo.<\/strong><\/h4>\n<article class=\"article-body article-body--first-paragraph\" data-td-script-src=\"https:\/\/www.sitioandino.com.ar\/td\/modulos\/encuestas\/js\/function-embeds-min-version-1661266680.js\">La Legislatura provincial retomar\u00e1 este jueves el debate por la ratificaci\u00f3n de la Declaraci\u00f3n de Impacto Ambiental (DIA) de la etapa de exploraci\u00f3n del\u00a0<strong>proyecto minero Cerro Amarillo<\/strong>, ubicado en Malarg\u00fce.<\/article>\n<article class=\"article-body article-body--second-paragraph\">La propuesta fue discutida durante varias semanas a fines del 2022 y especialistas acudieron a la Casa de las Leyes para dar detalles sobre la iniciativa. Ahora,\u00a0<strong>se reactivar\u00e1 la discusi\u00f3n en las comisiones involucradas en el tema<\/strong>.Con el receso de verano en el medio, el oficialismo busc\u00f3 postergar la firma del despacho para este a\u00f1o. As\u00ed,\u00a0<strong>en los pr\u00f3ximos encuentros se definir\u00e1n los puntos que faltaban.<\/strong><\/p>\n<article class=\"article-body article-body--second-paragraph\">En general,\u00a0<strong>exist\u00eda consenso en avanzar con la medida<\/strong>, pero desde el Ejecutivo apuntaban a lograr el mayor apoyo posible debido a la conflictividad social que gener\u00f3 en otros a\u00f1os las iniciativas mineras, m\u00e1s all\u00e1 de que, en este caso, el proyecto no colisiona en ning\u00fan punto con la ley 7722.<\/article>\n<article class=\"article-body article-body--third-paragraph\"><strong>El plan es que no haya dislates en el an\u00e1lisis parlamentario<\/strong>\u00a0y que, en las pr\u00f3ximas semanas, se apruebe la DIA de Cerro Amarillo en las dos c\u00e1maras para que pueda iniciarse la exploraci\u00f3n.La propuesta\u00a0<strong>era una de las \u00fanicas que hab\u00edan quedado pendientes del \u00faltimo a\u00f1o<\/strong>. Fue enviada por el Gobierno a comienzos de noviembre, y el mismo hab\u00eda quedado en stand by en 2014 debido a que, en ese momento, no se conoc\u00eda si el yacimiento de cobre estaba ubicado sobre zona de glaciares.<\/p>\n<p>En total, se trata de cuatro \u00e1reas de cateo y una mina. Cada sector cuenta con su propia DIA. Adem\u00e1s, se establece la perforaci\u00f3n de nueve pozos exploratorios con un m\u00e1ximo de 400 metros de profundidad.<em> &#8216;<\/em><strong><em>El mineral presente en el yacimiento es sulfuro de cobre, con presencia de otros elementos que de acuerdo a las t\u00e9cnicas industriales aplicadas de concentrado se deben extraer mediante flotaci\u00f3n&#8217;<\/em>, <\/strong>se se\u00f1ala en el an\u00e1lisis presentado en la Legislatura.<\/p>\n<\/article>\n<\/article>\n","protected":false},"excerpt":{"rendered":"<p>Se estudiar\u00e1 en comisiones de la Legislatura el proyecto de la Declaraci\u00f3n de Impacto Ambiental (DIA) para la etapa de exploraci\u00f3n &#8230;<\/p>\n","protected":false},"author":7,"featured_media":118400,"comment_status":"open","ping_status":"open","sticky":false,"template":"","format":"standard","meta":{"footnotes":""},"categories":[5,10],"tags":[],"class_list":["post-118399","post","type-post","status-publish","format-standard","has-post-thumbnail","hentry","category-actualidad","category-destacadas"],"_links":{"self":[{"href":"https:\/\/vinasfm.com\/noticias\/wp-json\/wp\/v2\/posts\/118399","targetHints":{"allow":["GET"]}}],"collection":[{"href":"https:\/\/vinasfm.com\/noticias\/wp-json\/wp\/v2\/posts"}],"about":[{"href":"https:\/\/vinasfm.com\/noticias\/wp-json\/wp\/v2\/types\/post"}],"author":[{"embeddable":true,"href":"https:\/\/vinasfm.com\/noticias\/wp-json\/wp\/v2\/users\/7"}],"replies":[{"embeddable":true,"href":"https:\/\/vinasfm.com\/noticias\/wp-json\/wp\/v2\/comments?post=118399"}],"version-history":[{"count":2,"href":"https:\/\/vinasfm.com\/noticias\/wp-json\/wp\/v2\/posts\/118399\/revisions"}],"predecessor-version":[{"id":118437,"href":"https:\/\/vinasfm.com\/noticias\/wp-json\/wp\/v2\/posts\/118399\/revisions\/118437"}],"wp:featuredmedia":[{"embeddable":true,"href":"https:\/\/vinasfm.com\/noticias\/wp-json\/wp\/v2\/media\/118400"}],"wp:attachment":[{"href":"https:\/\/vinasfm.com\/noticias\/wp-json\/wp\/v2\/media?parent=118399"}],"wp:term":[{"taxonomy":"category","embeddable":true,"href":"https:\/\/vinasfm.com\/noticias\/wp-json\/wp\/v2\/categories?post=118399"},{"taxonomy":"post_tag","embeddable":true,"href":"https:\/\/vinasfm.com\/noticias\/wp-json\/wp\/v2\/tags?post=118399"}],"curies":[{"name":"wp","href":"https:\/\/api.w.org\/{rel}","templated":true}]}}