{"id":118377,"date":"2023-02-09T08:55:18","date_gmt":"2023-02-09T11:55:18","guid":{"rendered":"https:\/\/vinasfm.com\/noticias\/?p=118377"},"modified":"2023-02-10T08:16:38","modified_gmt":"2023-02-10T11:16:38","slug":"el-granizo-destrozo-fincas-del-oeste","status":"publish","type":"post","link":"https:\/\/vinasfm.com\/noticias\/el-granizo-destrozo-fincas-del-oeste\/","title":{"rendered":"EL GRANIZO DESTROZ\u00d3 FINCAS DEL ESTE"},"content":{"rendered":"<h4 class=\"description-boxed\"><strong>Destruy\u00f3 cultivos que iban a ser cosechados la pr\u00f3xima semana. El Este y gran parte de la provincia, adem\u00e1s, siguen en alerta roja por el calor extremo.<\/strong><\/h4>\n<p>Despu\u00e9s de varios episodios de tormentas con piedra que arrasaron cultivos en las \u00faltimas semanas,\u00a0<b>una nueva inclemencia clim\u00e1tica afect\u00f3 a los productores de Santa Rosa y Rivadavia\u00a0<\/b>este mi\u00e9rcoles por la noche. Pasadas las 21, una dura tormenta ingres\u00f3 por Rivadavia y se traslad\u00f3 a Santa Rosa,<b>\u00a0afectando cultivos de ciruelas y uva<\/b>.<\/p>\n<p>Los productores empezaban con la cosecha la semana pr\u00f3xima. <strong><em>&#8216;Estoy abatido, destrozado, tengo todo un a\u00f1o trabajando. <\/em><\/strong><b><em>La semana que viene empezaba a cosechar y en 10 minutos tengo todo en el piso&#8217;<\/em>;<\/b>\u00a0coment\u00f3 uno de ellos.<\/p>\n<p>La tormenta ingres\u00f3 por la zona de Campamento y El Mirador, en Rivadavia, para luego seguir por Santa Rosa, donde afect\u00f3 plantaciones, especialmente en la villa cabecera.<\/p>\n<p><a href=\"https:\/\/vinasfm.com\/noticias\/wp-content\/uploads\/2023\/02\/63da56672cfeb_570_387.jpg\"><img loading=\"lazy\" decoding=\"async\" class=\"aligncenter wp-image-118379\" src=\"https:\/\/vinasfm.com\/noticias\/wp-content\/uploads\/2023\/02\/63da56672cfeb_570_387.jpg\" alt=\"\" width=\"600\" height=\"407\" srcset=\"https:\/\/vinasfm.com\/noticias\/wp-content\/uploads\/2023\/02\/63da56672cfeb_570_387.jpg 570w, https:\/\/vinasfm.com\/noticias\/wp-content\/uploads\/2023\/02\/63da56672cfeb_570_387-300x204.jpg 300w\" sizes=\"auto, (max-width: 600px) 100vw, 600px\" \/><\/a><\/p>\n<p>Adem\u00e1s de la ca\u00edda de granizo en la zona cultivada, el saldo en Santa Rosa fue de 6 \u00e1rboles ca\u00eddos, una voladura de techo y otros 7 techos da\u00f1ados, un tanque de agua da\u00f1ado, dos viviendas inundadas y da\u00f1os muy graves en el arbolado p\u00fablico, seg\u00fan inform\u00f3 Defensa Civil.<\/p>\n<p>Adem\u00e1s, se cayeron 3 \u00e1rboles en San Mart\u00edn, 3 en La Paz y 1 en San Rafael.<\/p>\n<p><em><strong>&#8216;Es una tormenta que vino del sur. Cay\u00f3 piedra en seco.<\/strong> <b>Nosotros alcanzamos a agarrar una del tama\u00f1o de un huevo y se fue la tormenta, pero despu\u00e9s peg\u00f3 la vuelta desde el norte<\/b>&#8216;<\/em>, indic\u00f3 un vecino al mismo medio.<\/p>\n<p>Seg\u00fan el reporte del Servicio Meteorol\u00f3gico Nacional, Mendoza es la \u00fanica provincia que est\u00e1 en alerta roja por temperaturas extremas. La mitad del territorio provincial esta con este nivel de alerta, incluyendo el Este, mientras que la otra mitad se encuentra en naranja.<\/p>\n","protected":false},"excerpt":{"rendered":"<p>Destruy\u00f3 cultivos que iban a ser cosechados la pr\u00f3xima semana. El Este y gran parte de la provincia, adem\u00e1s, siguen en &#8230;<\/p>\n","protected":false},"author":7,"featured_media":118378,"comment_status":"open","ping_status":"open","sticky":false,"template":"","format":"standard","meta":{"footnotes":""},"categories":[5,10],"tags":[],"class_list":["post-118377","post","type-post","status-publish","format-standard","has-post-thumbnail","hentry","category-actualidad","category-destacadas"],"_links":{"self":[{"href":"https:\/\/vinasfm.com\/noticias\/wp-json\/wp\/v2\/posts\/118377","targetHints":{"allow":["GET"]}}],"collection":[{"href":"https:\/\/vinasfm.com\/noticias\/wp-json\/wp\/v2\/posts"}],"about":[{"href":"https:\/\/vinasfm.com\/noticias\/wp-json\/wp\/v2\/types\/post"}],"author":[{"embeddable":true,"href":"https:\/\/vinasfm.com\/noticias\/wp-json\/wp\/v2\/users\/7"}],"replies":[{"embeddable":true,"href":"https:\/\/vinasfm.com\/noticias\/wp-json\/wp\/v2\/comments?post=118377"}],"version-history":[{"count":2,"href":"https:\/\/vinasfm.com\/noticias\/wp-json\/wp\/v2\/posts\/118377\/revisions"}],"predecessor-version":[{"id":118387,"href":"https:\/\/vinasfm.com\/noticias\/wp-json\/wp\/v2\/posts\/118377\/revisions\/118387"}],"wp:featuredmedia":[{"embeddable":true,"href":"https:\/\/vinasfm.com\/noticias\/wp-json\/wp\/v2\/media\/118378"}],"wp:attachment":[{"href":"https:\/\/vinasfm.com\/noticias\/wp-json\/wp\/v2\/media?parent=118377"}],"wp:term":[{"taxonomy":"category","embeddable":true,"href":"https:\/\/vinasfm.com\/noticias\/wp-json\/wp\/v2\/categories?post=118377"},{"taxonomy":"post_tag","embeddable":true,"href":"https:\/\/vinasfm.com\/noticias\/wp-json\/wp\/v2\/tags?post=118377"}],"curies":[{"name":"wp","href":"https:\/\/api.w.org\/{rel}","templated":true}]}}