{"id":118320,"date":"2023-02-07T11:51:27","date_gmt":"2023-02-07T14:51:27","guid":{"rendered":"https:\/\/vinasfm.com\/noticias\/?p=118320"},"modified":"2023-02-09T08:27:04","modified_gmt":"2023-02-09T11:27:04","slug":"avanzan-las-obras-que-definen-a-la-ugacoop-como-un-polo-educativo","status":"publish","type":"post","link":"https:\/\/vinasfm.com\/noticias\/avanzan-las-obras-que-definen-a-la-ugacoop-como-un-polo-educativo\/","title":{"rendered":"AVANZAN LAS OBRAS QUE DEFINEN A LA UGACOOP COMO UN POLO EDUCATIVO"},"content":{"rendered":"<h4><strong>Para la Fiesta departamental de la Vendimia, el Intendente Walther Marcolini recibi\u00f3 la visita del Director General de Escuelas Jos\u00e9 Thomas. Antes del evento, recorrieron las instalaciones de Universidad General Alvear Cooperativa y los trabajos que se realizan para la Escuela de educaci\u00f3n especial N\u00b02-048 Ana Mar\u00eda Polito de Fiondella.\u00a0<\/strong><\/h4>\n<p><em><strong>&#8216;Estamos cerrando un ciclo de ocho a\u00f1os de gobierno, si va a haber un legado de esta gesti\u00f3n ser\u00e1 en educaci\u00f3n, cultura, ciencia y tecnolog\u00eda puesta al servicio para formar a la ciudadan\u00eda de un Departamento, que ha crecido en su poblaci\u00f3n, con m\u00e1s de 50.000 habitantes&#8217;<\/strong><\/em>, afirm\u00f3 el jefe comunal.<\/p>\n<p><a href=\"https:\/\/vinasfm.com\/noticias\/wp-content\/uploads\/2023\/02\/Visita-Jose-Thomas-4-scaled.jpg\"><img loading=\"lazy\" decoding=\"async\" class=\"wp-image-118324 aligncenter\" src=\"https:\/\/vinasfm.com\/noticias\/wp-content\/uploads\/2023\/02\/Visita-Jose-Thomas-4-scaled.jpg\" alt=\"\" width=\"600\" height=\"338\" srcset=\"https:\/\/vinasfm.com\/noticias\/wp-content\/uploads\/2023\/02\/Visita-Jose-Thomas-4-scaled.jpg 2560w, https:\/\/vinasfm.com\/noticias\/wp-content\/uploads\/2023\/02\/Visita-Jose-Thomas-4-300x169.jpg 300w, https:\/\/vinasfm.com\/noticias\/wp-content\/uploads\/2023\/02\/Visita-Jose-Thomas-4-1024x576.jpg 1024w, https:\/\/vinasfm.com\/noticias\/wp-content\/uploads\/2023\/02\/Visita-Jose-Thomas-4-768x432.jpg 768w, https:\/\/vinasfm.com\/noticias\/wp-content\/uploads\/2023\/02\/Visita-Jose-Thomas-4-1536x864.jpg 1536w, https:\/\/vinasfm.com\/noticias\/wp-content\/uploads\/2023\/02\/Visita-Jose-Thomas-4-2048x1152.jpg 2048w, https:\/\/vinasfm.com\/noticias\/wp-content\/uploads\/2023\/02\/Visita-Jose-Thomas-4-1140x641.jpg 1140w\" sizes=\"auto, (max-width: 600px) 100vw, 600px\" \/><\/a><\/p>\n<p>La Provincia trabaja en forma conjunta con el municipio en pos de una mejora en educaci\u00f3n. <strong><em>&#8216;Con Thomas hemos coincidido enormemente al entender el concepto de que en un mismo campus educativo pueden convivir distintos niveles de educaci\u00f3n: inicial, con el Centro de Desarrollo Infantil, un jard\u00edn maternal; especial con la Escuela Ana Mar\u00eda Polito de Fiondella, terciario, con el IES Salvador Calafat. Tambi\u00e9n, la Escuela art\u00edstica Alberto Williams, el CCT N\u00b0 6-035 Carlos Obligado. Ugacoop ser\u00e1 un gran centro de referencia tecnol\u00f3gica cient\u00edfica, con carreras como Biotecnolog\u00eda, Nanotecnolog\u00eda, rob\u00f3tica e impresoras 3D&#8217;.<\/em><\/strong><\/p>\n<p><a href=\"https:\/\/vinasfm.com\/noticias\/wp-content\/uploads\/2023\/02\/Visita-Jose-Thomas-3-scaled.jpg\"><img loading=\"lazy\" decoding=\"async\" class=\"wp-image-118325 aligncenter\" src=\"https:\/\/vinasfm.com\/noticias\/wp-content\/uploads\/2023\/02\/Visita-Jose-Thomas-3-scaled.jpg\" alt=\"\" width=\"600\" height=\"338\" srcset=\"https:\/\/vinasfm.com\/noticias\/wp-content\/uploads\/2023\/02\/Visita-Jose-Thomas-3-scaled.jpg 2560w, https:\/\/vinasfm.com\/noticias\/wp-content\/uploads\/2023\/02\/Visita-Jose-Thomas-3-300x169.jpg 300w, https:\/\/vinasfm.com\/noticias\/wp-content\/uploads\/2023\/02\/Visita-Jose-Thomas-3-1024x576.jpg 1024w, https:\/\/vinasfm.com\/noticias\/wp-content\/uploads\/2023\/02\/Visita-Jose-Thomas-3-768x432.jpg 768w, https:\/\/vinasfm.com\/noticias\/wp-content\/uploads\/2023\/02\/Visita-Jose-Thomas-3-1536x864.jpg 1536w, https:\/\/vinasfm.com\/noticias\/wp-content\/uploads\/2023\/02\/Visita-Jose-Thomas-3-2048x1152.jpg 2048w, https:\/\/vinasfm.com\/noticias\/wp-content\/uploads\/2023\/02\/Visita-Jose-Thomas-3-1140x641.jpg 1140w\" sizes=\"auto, (max-width: 600px) 100vw, 600px\" \/><\/a><\/p>\n<p>El mandatario municipal destac\u00f3 que junto al Director General de Escuelas recorrieron el avance de la obra de la Escuela de educaci\u00f3n especial N\u00b02-048 Ana Mar\u00eda Polito de Fiondella, que estar\u00e1 terminada a lo sumo en julio del corriente.<\/p>\n<p>Por su parte, Jos\u00e9 Thomas expres\u00f3:<em><strong> &#8216;estoy feliz de venir a General Alvear, m\u00e1s en Vendimia. Estuvimos en Ugacoop, donde est\u00e1 muy avanzada la obra de la Escuela especial, estamos haciendo un jard\u00edn maternal, un CCT, se va a construir un instituto de educaci\u00f3n superior, es un ejemplo este polo educativo. En la Direcci\u00f3n General de Escuelas estamos con mucho trabajo, convencidos que hay un esfuerzo pedag\u00f3gico de acompa\u00f1amiento de cada una de las trayectorias de los estudiantes que est\u00e1 dando fruto. Los alumnos en las aulas con sus docentes est\u00e1n aprendiendo, los directores conocen la realidad de sus estudiantes, los supervisores, cada d\u00eda tienen m\u00e1s informaci\u00f3n para acompa\u00f1ar a las escuelas. Estamos muy contentos por c\u00f3mo estamos logrando gestionar la educaci\u00f3n, con todo el sistema apoyando, sobre todo, c\u00f3mo est\u00e1n aprendiendo los chicos en las aulas&#8217;.<\/strong><\/em><\/p>\n<p><a href=\"https:\/\/vinasfm.com\/noticias\/wp-content\/uploads\/2023\/02\/Visita-Jose-Thomas-4-scaled.jpg\"><img loading=\"lazy\" decoding=\"async\" class=\"wp-image-118324 aligncenter\" src=\"https:\/\/vinasfm.com\/noticias\/wp-content\/uploads\/2023\/02\/Visita-Jose-Thomas-4-scaled.jpg\" alt=\"\" width=\"600\" height=\"338\" srcset=\"https:\/\/vinasfm.com\/noticias\/wp-content\/uploads\/2023\/02\/Visita-Jose-Thomas-4-scaled.jpg 2560w, https:\/\/vinasfm.com\/noticias\/wp-content\/uploads\/2023\/02\/Visita-Jose-Thomas-4-300x169.jpg 300w, https:\/\/vinasfm.com\/noticias\/wp-content\/uploads\/2023\/02\/Visita-Jose-Thomas-4-1024x576.jpg 1024w, https:\/\/vinasfm.com\/noticias\/wp-content\/uploads\/2023\/02\/Visita-Jose-Thomas-4-768x432.jpg 768w, https:\/\/vinasfm.com\/noticias\/wp-content\/uploads\/2023\/02\/Visita-Jose-Thomas-4-1536x864.jpg 1536w, https:\/\/vinasfm.com\/noticias\/wp-content\/uploads\/2023\/02\/Visita-Jose-Thomas-4-2048x1152.jpg 2048w, https:\/\/vinasfm.com\/noticias\/wp-content\/uploads\/2023\/02\/Visita-Jose-Thomas-4-1140x641.jpg 1140w\" sizes=\"auto, (max-width: 600px) 100vw, 600px\" \/><\/a><\/p>\n","protected":false},"excerpt":{"rendered":"<p>Para la Fiesta departamental de la Vendimia, el Intendente Walther Marcolini recibi\u00f3 la visita del Director General de Escuelas Jos\u00e9 Thomas. &#8230;<\/p>\n","protected":false},"author":7,"featured_media":118326,"comment_status":"open","ping_status":"open","sticky":false,"template":"","format":"standard","meta":{"footnotes":""},"categories":[5,29],"tags":[],"class_list":["post-118320","post","type-post","status-publish","format-standard","has-post-thumbnail","hentry","category-actualidad","category-obras-y-servicios"],"_links":{"self":[{"href":"https:\/\/vinasfm.com\/noticias\/wp-json\/wp\/v2\/posts\/118320","targetHints":{"allow":["GET"]}}],"collection":[{"href":"https:\/\/vinasfm.com\/noticias\/wp-json\/wp\/v2\/posts"}],"about":[{"href":"https:\/\/vinasfm.com\/noticias\/wp-json\/wp\/v2\/types\/post"}],"author":[{"embeddable":true,"href":"https:\/\/vinasfm.com\/noticias\/wp-json\/wp\/v2\/users\/7"}],"replies":[{"embeddable":true,"href":"https:\/\/vinasfm.com\/noticias\/wp-json\/wp\/v2\/comments?post=118320"}],"version-history":[{"count":2,"href":"https:\/\/vinasfm.com\/noticias\/wp-json\/wp\/v2\/posts\/118320\/revisions"}],"predecessor-version":[{"id":118327,"href":"https:\/\/vinasfm.com\/noticias\/wp-json\/wp\/v2\/posts\/118320\/revisions\/118327"}],"wp:featuredmedia":[{"embeddable":true,"href":"https:\/\/vinasfm.com\/noticias\/wp-json\/wp\/v2\/media\/118326"}],"wp:attachment":[{"href":"https:\/\/vinasfm.com\/noticias\/wp-json\/wp\/v2\/media?parent=118320"}],"wp:term":[{"taxonomy":"category","embeddable":true,"href":"https:\/\/vinasfm.com\/noticias\/wp-json\/wp\/v2\/categories?post=118320"},{"taxonomy":"post_tag","embeddable":true,"href":"https:\/\/vinasfm.com\/noticias\/wp-json\/wp\/v2\/tags?post=118320"}],"curies":[{"name":"wp","href":"https:\/\/api.w.org\/{rel}","templated":true}]}}