{"id":118284,"date":"2023-02-07T09:27:32","date_gmt":"2023-02-07T12:27:32","guid":{"rendered":"https:\/\/vinasfm.com\/noticias\/?p=118284"},"modified":"2023-02-08T09:18:12","modified_gmt":"2023-02-08T12:18:12","slug":"continuan-los-trabajos-de-asfalto-en-el-departamento","status":"publish","type":"post","link":"https:\/\/vinasfm.com\/noticias\/continuan-los-trabajos-de-asfalto-en-el-departamento\/","title":{"rendered":"CONTIN\u00daAN LOS TRABAJOS DE ASFALTO EN EL DEPARTAMENTO"},"content":{"rendered":"<h4><strong>El secretario de Obras y Servicios P\u00fablicos, Jorge P\u00e9rez, habl\u00f3 acerca del Plan de Asfalto, d\u00edas atr\u00e1s se estaba trabajando en\u00a0 Barrio Alvear 1 y 2<\/strong><\/h4>\n<p>En di\u00e1logo con FM VI\u00d1AS el actual secretario habl\u00f3 sobre los nuevos trabajos que se est\u00e1n realizando: <em><strong>&#8216;Estamos trabajando en la Calle Pedro Christ\u00f3phersen de Alvear Oeste donde se est\u00e1n haciendo 450 metros, va desde la calle 7 hac\u00eda la calle Maip\u00fa, cumpliendo con un pedido de la delegaci\u00f3n, pr\u00f3ximamente estaremos trabajando en la Calle Manuela A. S\u00e1ez y Centenario&#8217;<\/strong><\/em><\/p>\n<p>Del mismo modo explico los problemas que surgieron debido a la imprudencia de los vecinos: <em><strong>&#8216;En calle Uspallata estuvimos trabajando espec\u00edficamente en sellado y arenado pero tuvimos la particularidad de que los vecinos estuvieron impacientes y no permiten trabajar de la manera correcta, entendemos la necesidad de circular pero tambi\u00e9n estamos desarrollando un trabajo muy importante&#8217;\u00a0<\/strong><\/em><\/p>\n<p>Finalizo detallando que siempre con trabajos de este tama\u00f1o mediante comunicados se les informa a los vecinos para que no circulen por el espacio: <em><strong>&#8216;Normalmente para avisar sobre las obras se realiza una notificaci\u00f3n los d\u00edas previos&#8217;<\/strong><\/em><\/p>\n","protected":false},"excerpt":{"rendered":"<p>El secretario de Obras y Servicios P\u00fablicos, Jorge P\u00e9rez, habl\u00f3 acerca del Plan de Asfalto, d\u00edas atr\u00e1s se estaba trabajando en\u00a0 &#8230;<\/p>\n","protected":false},"author":7,"featured_media":92438,"comment_status":"open","ping_status":"open","sticky":false,"template":"","format":"standard","meta":{"footnotes":""},"categories":[5,29],"tags":[],"class_list":["post-118284","post","type-post","status-publish","format-standard","has-post-thumbnail","hentry","category-actualidad","category-obras-y-servicios"],"_links":{"self":[{"href":"https:\/\/vinasfm.com\/noticias\/wp-json\/wp\/v2\/posts\/118284","targetHints":{"allow":["GET"]}}],"collection":[{"href":"https:\/\/vinasfm.com\/noticias\/wp-json\/wp\/v2\/posts"}],"about":[{"href":"https:\/\/vinasfm.com\/noticias\/wp-json\/wp\/v2\/types\/post"}],"author":[{"embeddable":true,"href":"https:\/\/vinasfm.com\/noticias\/wp-json\/wp\/v2\/users\/7"}],"replies":[{"embeddable":true,"href":"https:\/\/vinasfm.com\/noticias\/wp-json\/wp\/v2\/comments?post=118284"}],"version-history":[{"count":1,"href":"https:\/\/vinasfm.com\/noticias\/wp-json\/wp\/v2\/posts\/118284\/revisions"}],"predecessor-version":[{"id":118296,"href":"https:\/\/vinasfm.com\/noticias\/wp-json\/wp\/v2\/posts\/118284\/revisions\/118296"}],"wp:featuredmedia":[{"embeddable":true,"href":"https:\/\/vinasfm.com\/noticias\/wp-json\/wp\/v2\/media\/92438"}],"wp:attachment":[{"href":"https:\/\/vinasfm.com\/noticias\/wp-json\/wp\/v2\/media?parent=118284"}],"wp:term":[{"taxonomy":"category","embeddable":true,"href":"https:\/\/vinasfm.com\/noticias\/wp-json\/wp\/v2\/categories?post=118284"},{"taxonomy":"post_tag","embeddable":true,"href":"https:\/\/vinasfm.com\/noticias\/wp-json\/wp\/v2\/tags?post=118284"}],"curies":[{"name":"wp","href":"https:\/\/api.w.org\/{rel}","templated":true}]}}