{"id":118162,"date":"2023-01-31T09:53:04","date_gmt":"2023-01-31T12:53:04","guid":{"rendered":"https:\/\/vinasfm.com\/noticias\/?p=118162"},"modified":"2023-02-01T10:20:50","modified_gmt":"2023-02-01T13:20:50","slug":"el-municipio-entrego-obleas-de-estacionamiento-liberado-a-los-veteranos","status":"publish","type":"post","link":"https:\/\/vinasfm.com\/noticias\/el-municipio-entrego-obleas-de-estacionamiento-liberado-a-los-veteranos\/","title":{"rendered":"EL MUNICIPIO ENTREG\u00d3 OBLEAS DE ESTACIONAMIENTO LIBERADO A LOS VETERANOS"},"content":{"rendered":"<div class=\"nH aHU\">\n<div class=\"nH hx\">\n<div class=\"nH\" role=\"list\">\n<div class=\"h7 ie nH oy8Mbf\" tabindex=\"-1\" role=\"listitem\" aria-expanded=\"true\">\n<div class=\"Bk\">\n<div class=\"G3 G2\">\n<div>\n<div id=\":i0\">\n<div class=\"adn ads\" data-message-id=\"#msg-f:1756469765857404555\" data-legacy-message-id=\"18603bf224a4e68b\">\n<div class=\"gs\">\n<div class=\"\">\n<div id=\":i3\" class=\"ii gt\">\n<div id=\":i2\" class=\"a3s aiL \">\n<div>\n<h4><strong>En el Museo municipal de Malvinas, el Coordinador del Sistema de Estacionamiento Controlado Lucio Giunchi hizo entrega de obleas, es decir, menciones de liberaci\u00f3n de estacionamiento, a seis h\u00e9roes que viven en el Departamento, que cuentan con un dise\u00f1o exclusivo, acorde a los 40 a\u00f1os que se cumplieron de la Gesta. Adem\u00e1s, present\u00f3 el nuevo modelo de oblea de estacionamiento liberado para cada modalidad.<\/strong><\/h4>\n<h4><strong><a href=\"https:\/\/vinasfm.com\/noticias\/wp-content\/uploads\/2023\/01\/MG_4639.jpg\"><img loading=\"lazy\" decoding=\"async\" class=\"wp-image-118164 aligncenter\" src=\"https:\/\/vinasfm.com\/noticias\/wp-content\/uploads\/2023\/01\/MG_4639.jpg\" alt=\"\" width=\"600\" height=\"338\" srcset=\"https:\/\/vinasfm.com\/noticias\/wp-content\/uploads\/2023\/01\/MG_4639.jpg 1920w, https:\/\/vinasfm.com\/noticias\/wp-content\/uploads\/2023\/01\/MG_4639-300x169.jpg 300w, https:\/\/vinasfm.com\/noticias\/wp-content\/uploads\/2023\/01\/MG_4639-1024x576.jpg 1024w, https:\/\/vinasfm.com\/noticias\/wp-content\/uploads\/2023\/01\/MG_4639-768x432.jpg 768w, https:\/\/vinasfm.com\/noticias\/wp-content\/uploads\/2023\/01\/MG_4639-1536x864.jpg 1536w, https:\/\/vinasfm.com\/noticias\/wp-content\/uploads\/2023\/01\/MG_4639-1140x641.jpg 1140w\" sizes=\"auto, (max-width: 600px) 100vw, 600px\" \/><\/a><\/strong><\/h4>\n<p><strong>&#8216;En General Alvear siempre se ha brindado a los veteranos de Malvinas, que viven en el Departamento, obleas de estacionamiento liberado, de acuerdo a la Ordenanza N\u00b0 3561, que en su Art\u00edculo 17, inciso 5, establece excepciones a determinadas personas, consideradas oportunamente por el Poder Ejecutivo municipal&#8217;.<\/strong><\/p>\n<p><a href=\"https:\/\/vinasfm.com\/noticias\/wp-content\/uploads\/2023\/01\/MG_4636.jpg\"><img loading=\"lazy\" decoding=\"async\" class=\"wp-image-118165 aligncenter\" src=\"https:\/\/vinasfm.com\/noticias\/wp-content\/uploads\/2023\/01\/MG_4636.jpg\" alt=\"\" width=\"600\" height=\"338\" srcset=\"https:\/\/vinasfm.com\/noticias\/wp-content\/uploads\/2023\/01\/MG_4636.jpg 1920w, https:\/\/vinasfm.com\/noticias\/wp-content\/uploads\/2023\/01\/MG_4636-300x169.jpg 300w, https:\/\/vinasfm.com\/noticias\/wp-content\/uploads\/2023\/01\/MG_4636-1024x576.jpg 1024w, https:\/\/vinasfm.com\/noticias\/wp-content\/uploads\/2023\/01\/MG_4636-768x432.jpg 768w, https:\/\/vinasfm.com\/noticias\/wp-content\/uploads\/2023\/01\/MG_4636-1536x864.jpg 1536w, https:\/\/vinasfm.com\/noticias\/wp-content\/uploads\/2023\/01\/MG_4636-1140x641.jpg 1140w\" sizes=\"auto, (max-width: 600px) 100vw, 600px\" \/><\/a><\/p>\n<p>Giunchi subray\u00f3 que en 2023 se ha cambiado dise\u00f1o de las tarjetas de estacionamiento liberado: <strong><em>&#8216;las destinadas a los veteranos de Malvinas poseen un formato diferente, con una menci\u00f3n especial, la oblea cuenta con el mapa de las Islas Malvinas, 40 a\u00f1os, Nunca Olvidaremos. Por otra parte, est\u00e1n las obleas con colores identificativos por motivos, ya sea prensa, autos oficiales, discapacidad. Las mismas, aportan mayor visibilidad a los inspectores o agentes de control, al momento de realizar su trabajo&#8217;.<\/em><\/strong><\/p>\n<\/div>\n<\/div>\n<\/div>\n<\/div>\n<\/div>\n<\/div>\n<\/div>\n<\/div>\n<\/div>\n<\/div>\n<\/div>\n<\/div>\n<\/div>\n<\/div>\n<div class=\"nH\"><\/div>\n","protected":false},"excerpt":{"rendered":"<p>En el Museo municipal de Malvinas, el Coordinador del Sistema de Estacionamiento Controlado Lucio Giunchi hizo entrega de obleas, es decir, &#8230;<\/p>\n","protected":false},"author":7,"featured_media":118163,"comment_status":"open","ping_status":"open","sticky":false,"template":"","format":"standard","meta":{"footnotes":""},"categories":[5,10],"tags":[],"class_list":["post-118162","post","type-post","status-publish","format-standard","has-post-thumbnail","hentry","category-actualidad","category-destacadas"],"_links":{"self":[{"href":"https:\/\/vinasfm.com\/noticias\/wp-json\/wp\/v2\/posts\/118162","targetHints":{"allow":["GET"]}}],"collection":[{"href":"https:\/\/vinasfm.com\/noticias\/wp-json\/wp\/v2\/posts"}],"about":[{"href":"https:\/\/vinasfm.com\/noticias\/wp-json\/wp\/v2\/types\/post"}],"author":[{"embeddable":true,"href":"https:\/\/vinasfm.com\/noticias\/wp-json\/wp\/v2\/users\/7"}],"replies":[{"embeddable":true,"href":"https:\/\/vinasfm.com\/noticias\/wp-json\/wp\/v2\/comments?post=118162"}],"version-history":[{"count":1,"href":"https:\/\/vinasfm.com\/noticias\/wp-json\/wp\/v2\/posts\/118162\/revisions"}],"predecessor-version":[{"id":118166,"href":"https:\/\/vinasfm.com\/noticias\/wp-json\/wp\/v2\/posts\/118162\/revisions\/118166"}],"wp:featuredmedia":[{"embeddable":true,"href":"https:\/\/vinasfm.com\/noticias\/wp-json\/wp\/v2\/media\/118163"}],"wp:attachment":[{"href":"https:\/\/vinasfm.com\/noticias\/wp-json\/wp\/v2\/media?parent=118162"}],"wp:term":[{"taxonomy":"category","embeddable":true,"href":"https:\/\/vinasfm.com\/noticias\/wp-json\/wp\/v2\/categories?post=118162"},{"taxonomy":"post_tag","embeddable":true,"href":"https:\/\/vinasfm.com\/noticias\/wp-json\/wp\/v2\/tags?post=118162"}],"curies":[{"name":"wp","href":"https:\/\/api.w.org\/{rel}","templated":true}]}}