{"id":118122,"date":"2023-01-28T08:39:24","date_gmt":"2023-01-28T11:39:24","guid":{"rendered":"https:\/\/vinasfm.com\/noticias\/?p=118122"},"modified":"2023-01-31T10:03:29","modified_gmt":"2023-01-31T13:03:29","slug":"las-candidatas-al-cetro-departamental-continuan-recorriendo-los-atractivos-turisticos-del-departamento","status":"publish","type":"post","link":"https:\/\/vinasfm.com\/noticias\/las-candidatas-al-cetro-departamental-continuan-recorriendo-los-atractivos-turisticos-del-departamento\/","title":{"rendered":"LAS CANDIDATAS AL CETRO DEPARTAMENTAL CONTIN\u00daAN RECORRIENDO LOS ATRACTIVOS TUR\u00cdSTICOS DEL DEPARTAMENTO"},"content":{"rendered":"<h4><strong>Las Reinas Distritales de la Vendimia conocieron los atractivos tur\u00edsticos del Departamento, partiendo desde el Informador Tur\u00edstico, ubicado en Avenida Alvear Este 58, hasta el Monumento Nacional Bodega Fara\u00f3n, la Casa de T\u00e9 Oc\u00e9anos, la Oliv\u00edcola La Mant\u00eda, la Bodega Jorge Rubio, el Club Banco Naci\u00f3n y Club 8 de noviembre<\/strong><\/h4>\n<p>Las soberanas contin\u00faan recorriendo nuestro departamento y cada uno de sus puntos tur\u00edsticos, una tarea fundamental ya que ellas ser\u00e1n las principales embajadoras de nuestra tierra. As\u00ed lo expres\u00f3 Agostina Soria, Reina de El Juncalito: <em><strong>\u201cHemos comenzado el segundo recorrido tur\u00edstico, conocimos la historia de la Bodega Fara\u00f3n, y de V\u00edctor Cremaschi. La estamos pasando muy bien, nos divertimos mucho con las chicas, tambi\u00e9n hemos ido a degustar unos vinos espectaculares, por lo que hay que felicitar a los en\u00f3logos de nuestra regi\u00f3n\u201d<\/strong><\/em><\/p>\n<p>Asimismo, Noelia Dalseco, representante de Bowen, destac\u00f3 estos dos d\u00edas de recorrido tur\u00edstico: <em><strong>\u201cEs muy bueno que podamos conocer y tener conciencia de cada uno de los lugares de nuestro departamento, tenemos cosas super importantes, destaca su ubicaci\u00f3n geogr\u00e1fica y los precios competitivos frente al resto de la regi\u00f3n\u201d<\/strong><\/em><\/p>\n<p><em><strong>\u201cEl mi\u00e9rcoles realizamos el primer recorrido, estuvimos en museos, estuvimos en Alvear Oeste donde les coment\u00e9 a mis compa\u00f1eras por qu\u00e9 se conoce de esta manera\u201d<\/strong><\/em> expres\u00f3 Luisina Rigoldi, Reina de Alvear Oeste, quien agreg\u00f3: <em><strong>\u201cVisitamos la Bodega Fara\u00f3n, que es muy importante para la historia de nuestros vinos\u201d<\/strong><\/em>. Es bueno recordar que este domingo, las soberanas estar\u00e1n presentes nuevamente durante la Peatonal en Avenida Alvear Oeste, donde se coronar\u00e1 a la Reina del Adulto Mayor.<\/p>\n<p><a href=\"https:\/\/vinasfm.com\/noticias\/wp-content\/uploads\/2023\/01\/MG_4264.jpg\"><img loading=\"lazy\" decoding=\"async\" class=\"alignnone wp-image-118125\" src=\"https:\/\/vinasfm.com\/noticias\/wp-content\/uploads\/2023\/01\/MG_4264.jpg\" alt=\"\" width=\"235\" height=\"132\" srcset=\"https:\/\/vinasfm.com\/noticias\/wp-content\/uploads\/2023\/01\/MG_4264.jpg 1920w, https:\/\/vinasfm.com\/noticias\/wp-content\/uploads\/2023\/01\/MG_4264-300x169.jpg 300w, https:\/\/vinasfm.com\/noticias\/wp-content\/uploads\/2023\/01\/MG_4264-1024x576.jpg 1024w, https:\/\/vinasfm.com\/noticias\/wp-content\/uploads\/2023\/01\/MG_4264-768x432.jpg 768w, https:\/\/vinasfm.com\/noticias\/wp-content\/uploads\/2023\/01\/MG_4264-1536x864.jpg 1536w, https:\/\/vinasfm.com\/noticias\/wp-content\/uploads\/2023\/01\/MG_4264-360x200.jpg 360w, https:\/\/vinasfm.com\/noticias\/wp-content\/uploads\/2023\/01\/MG_4264-750x420.jpg 750w, https:\/\/vinasfm.com\/noticias\/wp-content\/uploads\/2023\/01\/MG_4264-1140x641.jpg 1140w\" sizes=\"auto, (max-width: 235px) 100vw, 235px\" \/><\/a> <a href=\"https:\/\/vinasfm.com\/noticias\/wp-content\/uploads\/2023\/01\/MG_4341.jpg\"><img loading=\"lazy\" decoding=\"async\" class=\"alignnone wp-image-118126\" src=\"https:\/\/vinasfm.com\/noticias\/wp-content\/uploads\/2023\/01\/MG_4341.jpg\" alt=\"\" width=\"235\" height=\"132\" srcset=\"https:\/\/vinasfm.com\/noticias\/wp-content\/uploads\/2023\/01\/MG_4341.jpg 1920w, https:\/\/vinasfm.com\/noticias\/wp-content\/uploads\/2023\/01\/MG_4341-300x169.jpg 300w, https:\/\/vinasfm.com\/noticias\/wp-content\/uploads\/2023\/01\/MG_4341-1024x576.jpg 1024w, https:\/\/vinasfm.com\/noticias\/wp-content\/uploads\/2023\/01\/MG_4341-768x432.jpg 768w, https:\/\/vinasfm.com\/noticias\/wp-content\/uploads\/2023\/01\/MG_4341-1536x864.jpg 1536w, https:\/\/vinasfm.com\/noticias\/wp-content\/uploads\/2023\/01\/MG_4341-360x200.jpg 360w, https:\/\/vinasfm.com\/noticias\/wp-content\/uploads\/2023\/01\/MG_4341-750x420.jpg 750w, https:\/\/vinasfm.com\/noticias\/wp-content\/uploads\/2023\/01\/MG_4341-1140x641.jpg 1140w\" sizes=\"auto, (max-width: 235px) 100vw, 235px\" \/><\/a> <a href=\"https:\/\/vinasfm.com\/noticias\/wp-content\/uploads\/2023\/01\/MG_4363.jpg\"><img loading=\"lazy\" decoding=\"async\" class=\"alignnone wp-image-118127\" src=\"https:\/\/vinasfm.com\/noticias\/wp-content\/uploads\/2023\/01\/MG_4363.jpg\" alt=\"\" width=\"235\" height=\"132\" srcset=\"https:\/\/vinasfm.com\/noticias\/wp-content\/uploads\/2023\/01\/MG_4363.jpg 1920w, https:\/\/vinasfm.com\/noticias\/wp-content\/uploads\/2023\/01\/MG_4363-300x169.jpg 300w, https:\/\/vinasfm.com\/noticias\/wp-content\/uploads\/2023\/01\/MG_4363-1024x576.jpg 1024w, https:\/\/vinasfm.com\/noticias\/wp-content\/uploads\/2023\/01\/MG_4363-768x432.jpg 768w, https:\/\/vinasfm.com\/noticias\/wp-content\/uploads\/2023\/01\/MG_4363-1536x864.jpg 1536w, https:\/\/vinasfm.com\/noticias\/wp-content\/uploads\/2023\/01\/MG_4363-360x200.jpg 360w, https:\/\/vinasfm.com\/noticias\/wp-content\/uploads\/2023\/01\/MG_4363-750x420.jpg 750w, https:\/\/vinasfm.com\/noticias\/wp-content\/uploads\/2023\/01\/MG_4363-1140x641.jpg 1140w\" sizes=\"auto, (max-width: 235px) 100vw, 235px\" \/><\/a> <a href=\"https:\/\/vinasfm.com\/noticias\/wp-content\/uploads\/2023\/01\/MG_4296.jpg\"><img loading=\"lazy\" decoding=\"async\" class=\"alignnone wp-image-118128\" src=\"https:\/\/vinasfm.com\/noticias\/wp-content\/uploads\/2023\/01\/MG_4296.jpg\" alt=\"\" width=\"235\" height=\"132\" srcset=\"https:\/\/vinasfm.com\/noticias\/wp-content\/uploads\/2023\/01\/MG_4296.jpg 1920w, https:\/\/vinasfm.com\/noticias\/wp-content\/uploads\/2023\/01\/MG_4296-300x169.jpg 300w, https:\/\/vinasfm.com\/noticias\/wp-content\/uploads\/2023\/01\/MG_4296-1024x576.jpg 1024w, https:\/\/vinasfm.com\/noticias\/wp-content\/uploads\/2023\/01\/MG_4296-768x432.jpg 768w, https:\/\/vinasfm.com\/noticias\/wp-content\/uploads\/2023\/01\/MG_4296-1536x864.jpg 1536w, https:\/\/vinasfm.com\/noticias\/wp-content\/uploads\/2023\/01\/MG_4296-360x200.jpg 360w, https:\/\/vinasfm.com\/noticias\/wp-content\/uploads\/2023\/01\/MG_4296-750x420.jpg 750w, https:\/\/vinasfm.com\/noticias\/wp-content\/uploads\/2023\/01\/MG_4296-1140x641.jpg 1140w\" sizes=\"auto, (max-width: 235px) 100vw, 235px\" \/><\/a><\/p>\n<p>Las candidatas al cetro departamental son:<\/p>\n<p><em><strong>Mar\u00eda Luisina Rigoldi Caltabiano, representante de Alvear Oeste:<\/strong><\/em> Tiene 18 a\u00f1os, es egresada de la Escuela de Agricultura, Profesora de Danzas Cl\u00e1sicas y est\u00e1 en la preparatoria para ingresar a la carrera de Medicina. Posee ojos verdes, cabellos rubios, 1.78m de estatura. En sus tiempos libres le gusta bailar, escuchar m\u00fasica y pasear.<\/p>\n<p><strong><em>Agostina Soria, representante de El Juncalito:<\/em> <\/strong>Tiene 24 a\u00f1os y est\u00e1 cursando el \u00faltimo a\u00f1o de la carrera de Obstetricia y Ginecolog\u00eda. Tiene ojos verdes, cabellos casta\u00f1os, 1.76m de estatura. En sus tiempos libres le gusta ir al gimnasio, jugar al hockey, juntarse con amigas y bailar.<\/p>\n<p><em><strong>Estefania Rosales, representante de Carmensa:<\/strong><\/em> tiene 18 a\u00f1os, est\u00e1 culminando sus estudios secundarios y finaliz\u00f3 el curso de auxiliar farmac\u00e9utico. Estefan\u00eda tiene ojos color miel, cabellos casta\u00f1os, 1.69 m. de estatura. En sus tiempos libres le gusta pintar en tela, jugar al hockey, estar con amigos y viajar.<\/p>\n<p><em><strong>Noelia Dalseco, representante de Bowen:<\/strong> <\/em>Tiene 22 a\u00f1os, est\u00e1 estudiando la Tecnicatura en Comercio Internacional y Aduanas. Noelia tiene ojos color miel, cabellos casta\u00f1os, 1.71 de estatura. En sus tiempos libres le gusta escuchar m\u00fasica, cantar, bailar, fotografiar paisajes y compartir momentos con su familia y amigos.<\/p>\n","protected":false},"excerpt":{"rendered":"<p>Las Reinas Distritales de la Vendimia conocieron los atractivos tur\u00edsticos del Departamento, partiendo desde el Informador Tur\u00edstico, ubicado en Avenida Alvear &#8230;<\/p>\n","protected":false},"author":7,"featured_media":118124,"comment_status":"open","ping_status":"open","sticky":false,"template":"","format":"standard","meta":{"footnotes":""},"categories":[5,25],"tags":[],"class_list":["post-118122","post","type-post","status-publish","format-standard","has-post-thumbnail","hentry","category-actualidad","category-vendimia"],"_links":{"self":[{"href":"https:\/\/vinasfm.com\/noticias\/wp-json\/wp\/v2\/posts\/118122","targetHints":{"allow":["GET"]}}],"collection":[{"href":"https:\/\/vinasfm.com\/noticias\/wp-json\/wp\/v2\/posts"}],"about":[{"href":"https:\/\/vinasfm.com\/noticias\/wp-json\/wp\/v2\/types\/post"}],"author":[{"embeddable":true,"href":"https:\/\/vinasfm.com\/noticias\/wp-json\/wp\/v2\/users\/7"}],"replies":[{"embeddable":true,"href":"https:\/\/vinasfm.com\/noticias\/wp-json\/wp\/v2\/comments?post=118122"}],"version-history":[{"count":1,"href":"https:\/\/vinasfm.com\/noticias\/wp-json\/wp\/v2\/posts\/118122\/revisions"}],"predecessor-version":[{"id":118130,"href":"https:\/\/vinasfm.com\/noticias\/wp-json\/wp\/v2\/posts\/118122\/revisions\/118130"}],"wp:featuredmedia":[{"embeddable":true,"href":"https:\/\/vinasfm.com\/noticias\/wp-json\/wp\/v2\/media\/118124"}],"wp:attachment":[{"href":"https:\/\/vinasfm.com\/noticias\/wp-json\/wp\/v2\/media?parent=118122"}],"wp:term":[{"taxonomy":"category","embeddable":true,"href":"https:\/\/vinasfm.com\/noticias\/wp-json\/wp\/v2\/categories?post=118122"},{"taxonomy":"post_tag","embeddable":true,"href":"https:\/\/vinasfm.com\/noticias\/wp-json\/wp\/v2\/tags?post=118122"}],"curies":[{"name":"wp","href":"https:\/\/api.w.org\/{rel}","templated":true}]}}