{"id":118093,"date":"2023-01-26T09:17:17","date_gmt":"2023-01-26T12:17:17","guid":{"rendered":"https:\/\/vinasfm.com\/noticias\/?p=118093"},"modified":"2023-01-28T08:43:45","modified_gmt":"2023-01-28T11:43:45","slug":"fuerte-templor-se-sintio-en-mendoza","status":"publish","type":"post","link":"https:\/\/vinasfm.com\/noticias\/fuerte-templor-se-sintio-en-mendoza\/","title":{"rendered":"FUERTE TEMBLOR SE SINTI\u00d3 EN MENDOZA"},"content":{"rendered":"<h4>Un importante\u00a0<strong>sismo\u00a0<\/strong>se produjo en la ma\u00f1ana de este jueves en\u00a0<strong>Mendoza<\/strong>. Seg\u00fan la informaci\u00f3n analizada por el\u00a0Inpres, el epicentro fue en la provincia.<\/h4>\n<p>El\u00a0<strong>temblor\u00a0<\/strong>se registro a pocos kil\u00f3metros de la ciudad cabecera. Tuvo una magnitud de 3.9\u00a0grados y se produjo a unos 11\u00a0kil\u00f3metros de profundidad.<\/p>\n<p>R\u00e1pidamente en las redes sociales comenzaron a se\u00f1alar que el evento produjo un sonido similar al de una explosi\u00f3n, lo cual produjo alguna confusi\u00f3n.<\/p>\n<p>Hasta el momento, las autoridades no han indicado que se registre alg\u00fan tipo de da\u00f1o o inconveniente.<\/p>\n<p><a href=\"https:\/\/vinasfm.com\/noticias\/wp-content\/uploads\/2023\/01\/f768x1-1353738_1353865_0.jpg\"><img loading=\"lazy\" decoding=\"async\" class=\"alignnone size-full wp-image-118094\" src=\"https:\/\/vinasfm.com\/noticias\/wp-content\/uploads\/2023\/01\/f768x1-1353738_1353865_0.jpg\" alt=\"\" width=\"768\" height=\"229\" srcset=\"https:\/\/vinasfm.com\/noticias\/wp-content\/uploads\/2023\/01\/f768x1-1353738_1353865_0.jpg 768w, https:\/\/vinasfm.com\/noticias\/wp-content\/uploads\/2023\/01\/f768x1-1353738_1353865_0-300x89.jpg 300w\" sizes=\"auto, (max-width: 768px) 100vw, 768px\" \/><\/a><\/p>\n","protected":false},"excerpt":{"rendered":"<p>Un importante\u00a0sismo\u00a0se produjo en la ma\u00f1ana de este jueves en\u00a0Mendoza. Seg\u00fan la informaci\u00f3n analizada por el\u00a0Inpres, el epicentro fue en la &#8230;<\/p>\n","protected":false},"author":7,"featured_media":118095,"comment_status":"open","ping_status":"open","sticky":false,"template":"","format":"standard","meta":{"footnotes":""},"categories":[5,10],"tags":[],"class_list":["post-118093","post","type-post","status-publish","format-standard","has-post-thumbnail","hentry","category-actualidad","category-destacadas"],"_links":{"self":[{"href":"https:\/\/vinasfm.com\/noticias\/wp-json\/wp\/v2\/posts\/118093","targetHints":{"allow":["GET"]}}],"collection":[{"href":"https:\/\/vinasfm.com\/noticias\/wp-json\/wp\/v2\/posts"}],"about":[{"href":"https:\/\/vinasfm.com\/noticias\/wp-json\/wp\/v2\/types\/post"}],"author":[{"embeddable":true,"href":"https:\/\/vinasfm.com\/noticias\/wp-json\/wp\/v2\/users\/7"}],"replies":[{"embeddable":true,"href":"https:\/\/vinasfm.com\/noticias\/wp-json\/wp\/v2\/comments?post=118093"}],"version-history":[{"count":2,"href":"https:\/\/vinasfm.com\/noticias\/wp-json\/wp\/v2\/posts\/118093\/revisions"}],"predecessor-version":[{"id":118106,"href":"https:\/\/vinasfm.com\/noticias\/wp-json\/wp\/v2\/posts\/118093\/revisions\/118106"}],"wp:featuredmedia":[{"embeddable":true,"href":"https:\/\/vinasfm.com\/noticias\/wp-json\/wp\/v2\/media\/118095"}],"wp:attachment":[{"href":"https:\/\/vinasfm.com\/noticias\/wp-json\/wp\/v2\/media?parent=118093"}],"wp:term":[{"taxonomy":"category","embeddable":true,"href":"https:\/\/vinasfm.com\/noticias\/wp-json\/wp\/v2\/categories?post=118093"},{"taxonomy":"post_tag","embeddable":true,"href":"https:\/\/vinasfm.com\/noticias\/wp-json\/wp\/v2\/tags?post=118093"}],"curies":[{"name":"wp","href":"https:\/\/api.w.org\/{rel}","templated":true}]}}