{"id":118088,"date":"2023-01-26T09:12:00","date_gmt":"2023-01-26T12:12:00","guid":{"rendered":"https:\/\/vinasfm.com\/noticias\/?p=118088"},"modified":"2023-01-28T08:40:23","modified_gmt":"2023-01-28T11:40:23","slug":"alvear-cuenta-con-distintas-y-varias-propuestas-para-estar-activo-en-verano","status":"publish","type":"post","link":"https:\/\/vinasfm.com\/noticias\/alvear-cuenta-con-distintas-y-varias-propuestas-para-estar-activo-en-verano\/","title":{"rendered":"ALVEAR CUENTA CON DISTINTAS Y VARIAS PROPUESTAS PARA ESTAR ACTIVO EN VERANO"},"content":{"rendered":"<div class=\"nH aHU\">\n<div class=\"nH hx\">\n<div class=\"nH\" role=\"list\">\n<div class=\"h7 ie nH oy8Mbf\" tabindex=\"-1\" role=\"listitem\" aria-expanded=\"true\">\n<div class=\"Bk\">\n<div class=\"G3 G2\">\n<div>\n<div id=\":jv\">\n<div class=\"adn ads\" data-message-id=\"#msg-f:1756082844845787411\" data-legacy-message-id=\"185edc0b1330c913\">\n<div class=\"gs\">\n<div class=\"\">\n<div id=\":jk\" class=\"ii gt\">\n<div id=\":j9\" class=\"a3s aiL \">\n<div>\n<h4><strong>Este martes, en la pileta del Polideportivo Municipal, se llev\u00f3 a cabo una nueva clase de Aquagym de la que participan habitualmente cerca de 70 personas. Las clases son los martes y jueves a las 13:30 hs y son dictadas por la Profesora Viviana Giaccar\u00eda.<\/strong><\/h4>\n<p>General Alvear se mantiene activo en verano con distintas propuestas para todas las edades. En la pileta del Polideportivo Municipal, cerca de 70 personas participan de las clases de Aquagym dictadas por la profesora Viviana Giaccar\u00eda: <em><strong>&#8216;Esto es parte del Programa Alvear Baila, que se desarrolla durante los meses de invierno en el polideportivo cubierto. En el verano trasladamos esa actividad a la pileta y la pasamos muy bien&#8217;<\/strong> <\/em>dijo Giaccar\u00eda.<\/p>\n<p><a href=\"https:\/\/vinasfm.com\/noticias\/wp-content\/uploads\/2023\/01\/MG_3846.jpg\"><img loading=\"lazy\" decoding=\"async\" class=\"wp-image-118091 aligncenter\" src=\"https:\/\/vinasfm.com\/noticias\/wp-content\/uploads\/2023\/01\/MG_3846.jpg\" alt=\"\" width=\"400\" height=\"225\" srcset=\"https:\/\/vinasfm.com\/noticias\/wp-content\/uploads\/2023\/01\/MG_3846.jpg 1920w, https:\/\/vinasfm.com\/noticias\/wp-content\/uploads\/2023\/01\/MG_3846-300x169.jpg 300w, https:\/\/vinasfm.com\/noticias\/wp-content\/uploads\/2023\/01\/MG_3846-1024x576.jpg 1024w, https:\/\/vinasfm.com\/noticias\/wp-content\/uploads\/2023\/01\/MG_3846-768x432.jpg 768w, https:\/\/vinasfm.com\/noticias\/wp-content\/uploads\/2023\/01\/MG_3846-1536x864.jpg 1536w, https:\/\/vinasfm.com\/noticias\/wp-content\/uploads\/2023\/01\/MG_3846-750x420.jpg 750w, https:\/\/vinasfm.com\/noticias\/wp-content\/uploads\/2023\/01\/MG_3846-1140x641.jpg 1140w\" sizes=\"auto, (max-width: 400px) 100vw, 400px\" \/><\/a><\/p>\n<p>Las edades de los participantes van desde los 18 a\u00f1os a los 65 a\u00f1os, adem\u00e1s, tambi\u00e9n los martes y jueves, pero a las 20 hs, se dictan clases de nataci\u00f3n destinadas a adultos.<strong><em> &#8216;La actividad es absolutamente recreativa y por eso se integran distintas edades, incluso tenemos gente con inconvenientes de movilidad, pero se adaptan perfectamente. Para participar solo tienen que sacar el carnet, ya sea para la pileta o solo para esta actividad, realizar la revisi\u00f3n m\u00e9dica y ya pueden participar&#8217;.<\/em><\/strong><\/p>\n<p>Susana, concurrente de las clases de Aquagym, cont\u00f3 su experiencia al realizar actividad f\u00edsica en el agua: <strong><em>&#8216;Siempre participo de todas las actividades del poli, no es necesario estar en una super forma, sino que tambi\u00e9n se puede participar con alguna patolog\u00eda, en mi caso tengo EPOC y gracias a esta actividad he mejorado&#8217;.<\/em><\/strong><\/p>\n<\/div>\n<\/div>\n<\/div>\n<\/div>\n<\/div>\n<\/div>\n<\/div>\n<\/div>\n<\/div>\n<\/div>\n<\/div>\n<\/div>\n<\/div>\n<\/div>\n<div class=\"nH\"><\/div>\n","protected":false},"excerpt":{"rendered":"<p>Este martes, en la pileta del Polideportivo Municipal, se llev\u00f3 a cabo una nueva clase de Aquagym de la que participan &#8230;<\/p>\n","protected":false},"author":7,"featured_media":118090,"comment_status":"open","ping_status":"open","sticky":false,"template":"","format":"standard","meta":{"footnotes":""},"categories":[5,3],"tags":[],"class_list":["post-118088","post","type-post","status-publish","format-standard","has-post-thumbnail","hentry","category-actualidad","category-deportes"],"_links":{"self":[{"href":"https:\/\/vinasfm.com\/noticias\/wp-json\/wp\/v2\/posts\/118088","targetHints":{"allow":["GET"]}}],"collection":[{"href":"https:\/\/vinasfm.com\/noticias\/wp-json\/wp\/v2\/posts"}],"about":[{"href":"https:\/\/vinasfm.com\/noticias\/wp-json\/wp\/v2\/types\/post"}],"author":[{"embeddable":true,"href":"https:\/\/vinasfm.com\/noticias\/wp-json\/wp\/v2\/users\/7"}],"replies":[{"embeddable":true,"href":"https:\/\/vinasfm.com\/noticias\/wp-json\/wp\/v2\/comments?post=118088"}],"version-history":[{"count":3,"href":"https:\/\/vinasfm.com\/noticias\/wp-json\/wp\/v2\/posts\/118088\/revisions"}],"predecessor-version":[{"id":118132,"href":"https:\/\/vinasfm.com\/noticias\/wp-json\/wp\/v2\/posts\/118088\/revisions\/118132"}],"wp:featuredmedia":[{"embeddable":true,"href":"https:\/\/vinasfm.com\/noticias\/wp-json\/wp\/v2\/media\/118090"}],"wp:attachment":[{"href":"https:\/\/vinasfm.com\/noticias\/wp-json\/wp\/v2\/media?parent=118088"}],"wp:term":[{"taxonomy":"category","embeddable":true,"href":"https:\/\/vinasfm.com\/noticias\/wp-json\/wp\/v2\/categories?post=118088"},{"taxonomy":"post_tag","embeddable":true,"href":"https:\/\/vinasfm.com\/noticias\/wp-json\/wp\/v2\/tags?post=118088"}],"curies":[{"name":"wp","href":"https:\/\/api.w.org\/{rel}","templated":true}]}}