{"id":118080,"date":"2023-01-25T12:03:13","date_gmt":"2023-01-25T15:03:13","guid":{"rendered":"https:\/\/vinasfm.com\/noticias\/?p=118080"},"modified":"2023-01-27T10:40:58","modified_gmt":"2023-01-27T13:40:58","slug":"la-corte-resolvio-que-guaymallen-debe-tener-reina-de-la-vendimia","status":"publish","type":"post","link":"https:\/\/vinasfm.com\/noticias\/la-corte-resolvio-que-guaymallen-debe-tener-reina-de-la-vendimia\/","title":{"rendered":"LA CORTE RESOLVI\u00d3 QUE GUAYMALL\u00c9N DEBE TENER REINA DE LA VENDIMIA"},"content":{"rendered":"<h4><strong>Los ministros del m\u00e1ximo tribunal provincial definieron en un fallo dividido que la ordenanza municipal que prohib\u00eda la elecci\u00f3n de soberanas es inconstitucional. El departamento tendr\u00e1 que enviar una representante a la Fiesta Nacional.<\/strong><\/h4>\n<p>La\u00a0<strong>Suprema Corte de Justicia de Mendoza<\/strong>\u00a0resolvi\u00f3 que es inconstitucional la ordenanza municipal de\u00a0<strong>Guaymall\u00e9n\u00a0<\/strong>que elimin\u00f3 la elecci\u00f3n de la\u00a0<strong>reina de la Vendimia<\/strong>\u00a0en el departamento. La mayor\u00eda del tribunal consider\u00f3 que la comuna debe tener una representante en la tradicional fiesta provincial. El municipio ya hab\u00eda adelantado que acatar\u00eda la decisi\u00f3n de los magistrados.<\/p>\n<p>Los siete integrantes de la\u00a0<strong>Corte\u00a0<\/strong>votaron en un fallo plenario para declarar inconstitucional la ordenanza N\u00b0 9196\/21 del Concejo Deliberante de\u00a0<strong>Guaymall\u00e9n<\/strong>. La votaci\u00f3n result\u00f3 dividida pero se termin\u00f3 imponiendo el rechazo a la\u00a0iniciativa sancionada en marzo de 2021 y avalada por el intendente Marcelino Iglesias.<\/p>\n<p>La norma hab\u00eda prohibido expresamente la <strong><em>&#8216;organizaci\u00f3n, patrocinio y\/o auspicio, por parte del Municipio de elecciones de reinas, embajadoras, representantes y princesas u otras denominaciones similares y concursos de belleza de personas, cualquiera sea su edad, en las distintas celebraciones locales o eventos p\u00fablicos&#8217;.<\/em><\/strong><\/p>\n<p>Desde distintos sectores, incluso desde el mismo sector pol\u00edtico del jefe comunal radical, se cuestion\u00f3 la iniciativa y el tema termin\u00f3 siendo judicializado en la previa de la Fiesta Nacional de la Vendimia del 2022. En ese entonces, la <strong>Comisi\u00f3n de Reinas Nacionales de la Vendimia<\/strong> (Corenave) y la <strong>Comisi\u00f3n de Reinas de Guaymall\u00e9n<\/strong> (Coreguay) presentaron una demanda ante la Corte para que habilite la participaci\u00f3n en las ceremonias vendimiales de la denominada \u201creina blue\u201d de Guaymall\u00e9n, quien hab\u00eda sido electa en una fiesta \u201cparalela\u201d, sin el aval municipal.<\/p>\n<p>En ese entonces, la Sala II de la\u00a0Corte\u00a0hizo lugar a la medida cautelar impulsada por las organizaciones de exreinas, suspendi\u00f3 la ordenanza y orden\u00f3 al municipio designar una representante para los tradicionales actos vendimiales del 2022. A su vez, determin\u00f3 que la cuesti\u00f3n de fondo acerca de si era constitucional o no la ordenanza deb\u00eda resolverse en un plenario para que los siete jueces del Alto Tribunal resuelvan.<\/p>\n<p>Luego de una serie de audiencias p\u00fablicas que tuvieron lugar a finales del a\u00f1o pasado, la Corte termin\u00f3 fallando en contra de la ordenanza y resolviendo que el municipio debe tener una representante en la Fiesta Nacional de la Vendimia.<\/p>\n<p>Desde la Municipalidad de Guaymall\u00e9n ya hab\u00edan adelantado que acatar\u00e1n la decisi\u00f3n que tome el m\u00e1ximo tribunal. <em><strong>&#8216;Mi forma de pensar no cambiar\u00e1 porque es algo anacr\u00f3nico, retr\u00f3grado y discriminador, pero vamos a cumplir el fallo de la Corte, sea cual sea. Ya que los fallos son para acatarlos y por lo tanto es un tema que se est\u00e1 cayendo por su propio peso&#8217;<\/strong><\/em>, afirm\u00f3 en su momento el intendente Iglesias.<\/p>\n","protected":false},"excerpt":{"rendered":"<p>Los ministros del m\u00e1ximo tribunal provincial definieron en un fallo dividido que la ordenanza municipal que prohib\u00eda la elecci\u00f3n de soberanas &#8230;<\/p>\n","protected":false},"author":7,"featured_media":49256,"comment_status":"open","ping_status":"open","sticky":false,"template":"","format":"standard","meta":{"footnotes":""},"categories":[5,25],"tags":[],"class_list":["post-118080","post","type-post","status-publish","format-standard","has-post-thumbnail","hentry","category-actualidad","category-vendimia"],"_links":{"self":[{"href":"https:\/\/vinasfm.com\/noticias\/wp-json\/wp\/v2\/posts\/118080","targetHints":{"allow":["GET"]}}],"collection":[{"href":"https:\/\/vinasfm.com\/noticias\/wp-json\/wp\/v2\/posts"}],"about":[{"href":"https:\/\/vinasfm.com\/noticias\/wp-json\/wp\/v2\/types\/post"}],"author":[{"embeddable":true,"href":"https:\/\/vinasfm.com\/noticias\/wp-json\/wp\/v2\/users\/7"}],"replies":[{"embeddable":true,"href":"https:\/\/vinasfm.com\/noticias\/wp-json\/wp\/v2\/comments?post=118080"}],"version-history":[{"count":2,"href":"https:\/\/vinasfm.com\/noticias\/wp-json\/wp\/v2\/posts\/118080\/revisions"}],"predecessor-version":[{"id":118117,"href":"https:\/\/vinasfm.com\/noticias\/wp-json\/wp\/v2\/posts\/118080\/revisions\/118117"}],"wp:featuredmedia":[{"embeddable":true,"href":"https:\/\/vinasfm.com\/noticias\/wp-json\/wp\/v2\/media\/49256"}],"wp:attachment":[{"href":"https:\/\/vinasfm.com\/noticias\/wp-json\/wp\/v2\/media?parent=118080"}],"wp:term":[{"taxonomy":"category","embeddable":true,"href":"https:\/\/vinasfm.com\/noticias\/wp-json\/wp\/v2\/categories?post=118080"},{"taxonomy":"post_tag","embeddable":true,"href":"https:\/\/vinasfm.com\/noticias\/wp-json\/wp\/v2\/tags?post=118080"}],"curies":[{"name":"wp","href":"https:\/\/api.w.org\/{rel}","templated":true}]}}