{"id":118077,"date":"2023-01-25T11:53:53","date_gmt":"2023-01-25T14:53:53","guid":{"rendered":"https:\/\/vinasfm.com\/noticias\/?p=118077"},"modified":"2023-01-27T08:42:19","modified_gmt":"2023-01-27T11:42:19","slug":"aumento-la-carne-en-mendoza","status":"publish","type":"post","link":"https:\/\/vinasfm.com\/noticias\/aumento-la-carne-en-mendoza\/","title":{"rendered":"AUMENT\u00d3 LA CARNE EN MENDOZA"},"content":{"rendered":"<h4 class=\"description-boxed\"><strong>As\u00ed lo confirmaron desde la C\u00e1mara de Abastecedores de Carne de la provincia. El incremento ronda entre el 15 y 20% en algunos cortes. Analizan otra suba en el producto.<\/strong><\/h4>\n<p>Un nuevo golpe al bolsillo. Este mi\u00e9rcoles,\u00a0<b>aumenta el precio de la carne<\/b>\u00a0con un\u00a0 incremento que\u00a0<b>ronda entre el 15 y 20 por ciento<\/b>, seg\u00fan confirmaron desde la C\u00e1mara de Abastecedores de\u00a0<strong>Carnes<\/strong>\u00a0de\u00a0<strong>Mendoza.\u00a0<\/strong><\/p>\n<div class=\"zone zone_interp\">\n<aside class=\"piece banner standard\">\n<aside id=\"adbanner\" class=\"adbanner\" data-type=\"dfp\">\n<div id=\"interparrafo_1\" data-dfp-banner-display=\"1\" data-dfp-path=\"\/115771999\/notas_interparrafo_1\" data-dfp-type=\"interparrafo\" data-dfp-id=\"interparrafo_1\" data-google-query-id=\"CMyP8uDy4vwCFTamlQIdZ30O7A\">La explicaci\u00f3n de esta suba se da por un aumento del valor en el Mercado de Liniers del 7% que se acentu\u00f3 este martes hasta el 20% en el ganado a pie.<\/div>\n<div data-dfp-banner-display=\"1\" data-dfp-path=\"\/115771999\/notas_interparrafo_1\" data-dfp-type=\"interparrafo\" data-dfp-id=\"interparrafo_1\" data-google-query-id=\"CMyP8uDy4vwCFTamlQIdZ30O7A\"><\/div>\n<div data-dfp-banner-display=\"1\" data-dfp-path=\"\/115771999\/notas_interparrafo_1\" data-dfp-type=\"interparrafo\" data-dfp-id=\"interparrafo_1\" data-google-query-id=\"CMyP8uDy4vwCFTamlQIdZ30O7A\">Sin embargo, esto no quedar\u00eda ac\u00e1, ya que los frigor\u00edficos\u00a0<b>advirtieron que analizan otro incremento del 15% para la pr\u00f3xima semana.\u00a0<\/b><\/div>\n<div data-dfp-banner-display=\"1\" data-dfp-path=\"\/115771999\/notas_interparrafo_1\" data-dfp-type=\"interparrafo\" data-dfp-id=\"interparrafo_1\" data-google-query-id=\"CMyP8uDy4vwCFTamlQIdZ30O7A\"><b>Jos\u00e9 Rizzo<\/b>, empresario local de la carne y presidente de la c\u00e1mara de abastecedores, explic\u00f3 que <em><strong>&#8216;el p\u00fablico ver\u00e1 variaciones de entre 15 hasta 20% en algunos productos, mientras que quedar\u00e1n igual algunos cortes como osobuco o carne a la colla que se eligen poco en esta \u00e9poca&#8217;.\u00a0<\/strong><\/em><\/div>\n<div data-dfp-banner-display=\"1\" data-dfp-path=\"\/115771999\/notas_interparrafo_1\" data-dfp-type=\"interparrafo\" data-dfp-id=\"interparrafo_1\" data-google-query-id=\"CMyP8uDy4vwCFTamlQIdZ30O7A\"><\/div>\n<\/aside>\n<\/aside>\n<\/div>\n","protected":false},"excerpt":{"rendered":"<p>As\u00ed lo confirmaron desde la C\u00e1mara de Abastecedores de Carne de la provincia. El incremento ronda entre el 15 y 20% &#8230;<\/p>\n","protected":false},"author":7,"featured_media":118078,"comment_status":"open","ping_status":"open","sticky":false,"template":"","format":"standard","meta":{"footnotes":""},"categories":[5,169],"tags":[],"class_list":["post-118077","post","type-post","status-publish","format-standard","has-post-thumbnail","hentry","category-actualidad","category-aumentos"],"_links":{"self":[{"href":"https:\/\/vinasfm.com\/noticias\/wp-json\/wp\/v2\/posts\/118077","targetHints":{"allow":["GET"]}}],"collection":[{"href":"https:\/\/vinasfm.com\/noticias\/wp-json\/wp\/v2\/posts"}],"about":[{"href":"https:\/\/vinasfm.com\/noticias\/wp-json\/wp\/v2\/types\/post"}],"author":[{"embeddable":true,"href":"https:\/\/vinasfm.com\/noticias\/wp-json\/wp\/v2\/users\/7"}],"replies":[{"embeddable":true,"href":"https:\/\/vinasfm.com\/noticias\/wp-json\/wp\/v2\/comments?post=118077"}],"version-history":[{"count":1,"href":"https:\/\/vinasfm.com\/noticias\/wp-json\/wp\/v2\/posts\/118077\/revisions"}],"predecessor-version":[{"id":118079,"href":"https:\/\/vinasfm.com\/noticias\/wp-json\/wp\/v2\/posts\/118077\/revisions\/118079"}],"wp:featuredmedia":[{"embeddable":true,"href":"https:\/\/vinasfm.com\/noticias\/wp-json\/wp\/v2\/media\/118078"}],"wp:attachment":[{"href":"https:\/\/vinasfm.com\/noticias\/wp-json\/wp\/v2\/media?parent=118077"}],"wp:term":[{"taxonomy":"category","embeddable":true,"href":"https:\/\/vinasfm.com\/noticias\/wp-json\/wp\/v2\/categories?post=118077"},{"taxonomy":"post_tag","embeddable":true,"href":"https:\/\/vinasfm.com\/noticias\/wp-json\/wp\/v2\/tags?post=118077"}],"curies":[{"name":"wp","href":"https:\/\/api.w.org\/{rel}","templated":true}]}}