{"id":118073,"date":"2023-01-25T10:28:12","date_gmt":"2023-01-25T13:28:12","guid":{"rendered":"https:\/\/vinasfm.com\/noticias\/?p=118073"},"modified":"2023-01-26T09:54:33","modified_gmt":"2023-01-26T12:54:33","slug":"vacunas-bivalente-contra-el-covid-19-cuando-y-quienes-se-la-pueden-aplicar","status":"publish","type":"post","link":"https:\/\/vinasfm.com\/noticias\/vacunas-bivalente-contra-el-covid-19-cuando-y-quienes-se-la-pueden-aplicar\/","title":{"rendered":"VACUNAS BIVALENTE CONTRA EL COVID-19: CU\u00c1NDO Y QUI\u00c9NES SE LA PUEDEN APLICAR"},"content":{"rendered":"<h4 class=\"description-boxed\"><strong>Las dosis nuevas llegaron a la provincia y esta semana comenzar\u00e1 la distribuci\u00f3n a todos los departamentos.<\/strong><\/h4>\n<p>Esta semana llegaron a la provincia 40.320 dosis de<b>\u00a0vacunas bivalentes<\/b>\u00a0contra el\u00a0<b>COVID-19<\/b>\u00a0y a partir de la semana que viene estar\u00e1n disponibles para la poblaci\u00f3n.<\/p>\n<p>Las dosis ser\u00e1n distribuidas a los centros de vacunaci\u00f3n habilitados\u00a0 desde este mi\u00e9rcoles 25 de enero en Gran Mendoza, el jueves 26 llegar\u00e1n al Valle de Uco y al Este y el viernes estar\u00e1n disponibles en el Sur. Estas nuevas dosis\u00a0<b>ser\u00e1n utilizadas de refuerzo en todas las personas mayores de 12 a\u00f1os.<\/b><\/p>\n<p>Si bien en los \u00faltimos d\u00edas hubo un descenso marcado de la cantidad de casos tambi\u00e9n es cierto que hubo pocos testeos. Por tal motivo la provincia se prepara para reforzar la vacunaci\u00f3n de los mendocinos y agrega a su stock la nueva dosis bivalente.<\/p>\n<p>La\u00a0<b>jefa de Inmunizaciones de Mendoza, Iris Aguilar<\/b>,\u00a0explic\u00f3 que son las vacunas bivalentes.<\/p>\n<p><em><strong>&#8216;Hay dos vacunas vigentes y utilizables, la monovalente que es contra la variante del virus covid original y las bivalentes que contiene la variante original contra la variante \u00d3micron. Las dos vacunas son igual de seguras y eficaces, porque la monovalente tambi\u00e9n da una protecci\u00f3n contra \u00d3micron&#8217;<\/strong><\/em>, explic\u00f3 Aguilar.<\/p>\n<p><em><b>&#8216;Se piensa, pero a\u00fan no est\u00e1 probado, que las bivalente puedan generar una protecci\u00f3n m\u00e1s duradera&#8217;<\/b><\/em>, cont\u00f3.<\/p>\n<h3 class=\"bullletsmall\"><strong>\u00bfQu\u00e9 pasa si al vacunatorio al que voy no tienen bivalente?<\/strong><\/h3>\n<p><strong><em>&#8216;La mejor vacuna es la que te toque, porque las dos, tanto la monovalente como la bivalente tienen una alta eficacia para<\/em> disminuir las formas graves de internaci\u00f3n y mortalidad. La diferencia que podr\u00eda haber, que a\u00fan no est\u00e1 confirmado, es que dar\u00eda una protecci\u00f3n o anticuerpos durante un poco m\u00e1s de tiempo a diferencia de las monovalentes&#8217;<\/strong>, se\u00f1al\u00f3 la especialista.<\/p>\n<h3 class=\"bullletsmall\"><strong>\u00bfPara qui\u00e9nes est\u00e1n destinadas estas dosis?<\/strong><\/h3>\n<p><em><strong>&#8216;Se van a usar en esta primera etapa como refuerzo para<\/strong> <b>personas a partir de los 12 a\u00f1os<\/b>,<strong> siempre y cuando hayan pasado cuatro meses de la \u00faltima dosis&#8217;<\/strong><\/em>, explic\u00f3 Aguilar.<\/p>\n","protected":false},"excerpt":{"rendered":"<p>Las dosis nuevas llegaron a la provincia y esta semana comenzar\u00e1 la distribuci\u00f3n a todos los departamentos. Esta semana llegaron a &#8230;<\/p>\n","protected":false},"author":7,"featured_media":118074,"comment_status":"open","ping_status":"open","sticky":false,"template":"","format":"standard","meta":{"footnotes":""},"categories":[5,15],"tags":[],"class_list":["post-118073","post","type-post","status-publish","format-standard","has-post-thumbnail","hentry","category-actualidad","category-salud"],"_links":{"self":[{"href":"https:\/\/vinasfm.com\/noticias\/wp-json\/wp\/v2\/posts\/118073","targetHints":{"allow":["GET"]}}],"collection":[{"href":"https:\/\/vinasfm.com\/noticias\/wp-json\/wp\/v2\/posts"}],"about":[{"href":"https:\/\/vinasfm.com\/noticias\/wp-json\/wp\/v2\/types\/post"}],"author":[{"embeddable":true,"href":"https:\/\/vinasfm.com\/noticias\/wp-json\/wp\/v2\/users\/7"}],"replies":[{"embeddable":true,"href":"https:\/\/vinasfm.com\/noticias\/wp-json\/wp\/v2\/comments?post=118073"}],"version-history":[{"count":2,"href":"https:\/\/vinasfm.com\/noticias\/wp-json\/wp\/v2\/posts\/118073\/revisions"}],"predecessor-version":[{"id":118105,"href":"https:\/\/vinasfm.com\/noticias\/wp-json\/wp\/v2\/posts\/118073\/revisions\/118105"}],"wp:featuredmedia":[{"embeddable":true,"href":"https:\/\/vinasfm.com\/noticias\/wp-json\/wp\/v2\/media\/118074"}],"wp:attachment":[{"href":"https:\/\/vinasfm.com\/noticias\/wp-json\/wp\/v2\/media?parent=118073"}],"wp:term":[{"taxonomy":"category","embeddable":true,"href":"https:\/\/vinasfm.com\/noticias\/wp-json\/wp\/v2\/categories?post=118073"},{"taxonomy":"post_tag","embeddable":true,"href":"https:\/\/vinasfm.com\/noticias\/wp-json\/wp\/v2\/tags?post=118073"}],"curies":[{"name":"wp","href":"https:\/\/api.w.org\/{rel}","templated":true}]}}