{"id":118054,"date":"2023-01-24T11:35:56","date_gmt":"2023-01-24T14:35:56","guid":{"rendered":"https:\/\/vinasfm.com\/noticias\/?p=118054"},"modified":"2023-01-25T12:04:03","modified_gmt":"2023-01-25T15:04:03","slug":"peras-esperan-mas-produccion-en-el-sur-y-valle-de-uco-pero-hay-poco-mercado-y-falta-de-rentabilidad","status":"publish","type":"post","link":"https:\/\/vinasfm.com\/noticias\/peras-esperan-mas-produccion-en-el-sur-y-valle-de-uco-pero-hay-poco-mercado-y-falta-de-rentabilidad\/","title":{"rendered":"PERAS: ESPERAN M\u00c1S PRODUCCI\u00d3N EN EL SUR Y VALLE DE UCO, PERO HAY POCO MERCADO Y FALTA DE RENTABILIDAD"},"content":{"rendered":"<h4><strong>Seg\u00fan el IDR, la producci\u00f3n de pera en Mendoza tendr\u00e1 la mejor cosecha de los \u00faltimos 7 a\u00f1os. A pesar de esto, hay preocupaci\u00f3n por el cierre de mercados y la falta de rentabilidad.<\/strong><\/h4>\n<p>El Sur y el Valle de Uco concentran el <strong><em>90%<\/em><\/strong> de la producci\u00f3n de peras mendocinas, que este a\u00f1o se estima en <em><strong>56.400<\/strong><\/em> toneladas. En la zona valletana se auguran <strong><em>34.233<\/em> <\/strong>toneladas y en la sure\u00f1a <strong><em>17.586<\/em><\/strong> toneladas, sumando -entre ambas- as\u00ed el <strong><em>92%<\/em><\/strong> del total de la provincia.<\/p>\n<p>Pese a que esto deber\u00eda ser un buen augurio, la preocupaci\u00f3n de los productores radica en la falta de mercados ya que Rusia est\u00e1 en guerra y Brasil impuso fuertes restricciones, mientras que las ventas a nivel local son de muy baja renta.<\/p>\n","protected":false},"excerpt":{"rendered":"<p>Seg\u00fan el IDR, la producci\u00f3n de pera en Mendoza tendr\u00e1 la mejor cosecha de los \u00faltimos 7 a\u00f1os. A pesar de &#8230;<\/p>\n","protected":false},"author":7,"featured_media":7689,"comment_status":"open","ping_status":"open","sticky":false,"template":"","format":"standard","meta":{"footnotes":""},"categories":[5,14],"tags":[],"class_list":["post-118054","post","type-post","status-publish","format-standard","has-post-thumbnail","hentry","category-actualidad","category-agro"],"_links":{"self":[{"href":"https:\/\/vinasfm.com\/noticias\/wp-json\/wp\/v2\/posts\/118054","targetHints":{"allow":["GET"]}}],"collection":[{"href":"https:\/\/vinasfm.com\/noticias\/wp-json\/wp\/v2\/posts"}],"about":[{"href":"https:\/\/vinasfm.com\/noticias\/wp-json\/wp\/v2\/types\/post"}],"author":[{"embeddable":true,"href":"https:\/\/vinasfm.com\/noticias\/wp-json\/wp\/v2\/users\/7"}],"replies":[{"embeddable":true,"href":"https:\/\/vinasfm.com\/noticias\/wp-json\/wp\/v2\/comments?post=118054"}],"version-history":[{"count":1,"href":"https:\/\/vinasfm.com\/noticias\/wp-json\/wp\/v2\/posts\/118054\/revisions"}],"predecessor-version":[{"id":118055,"href":"https:\/\/vinasfm.com\/noticias\/wp-json\/wp\/v2\/posts\/118054\/revisions\/118055"}],"wp:featuredmedia":[{"embeddable":true,"href":"https:\/\/vinasfm.com\/noticias\/wp-json\/wp\/v2\/media\/7689"}],"wp:attachment":[{"href":"https:\/\/vinasfm.com\/noticias\/wp-json\/wp\/v2\/media?parent=118054"}],"wp:term":[{"taxonomy":"category","embeddable":true,"href":"https:\/\/vinasfm.com\/noticias\/wp-json\/wp\/v2\/categories?post=118054"},{"taxonomy":"post_tag","embeddable":true,"href":"https:\/\/vinasfm.com\/noticias\/wp-json\/wp\/v2\/tags?post=118054"}],"curies":[{"name":"wp","href":"https:\/\/api.w.org\/{rel}","templated":true}]}}