{"id":118046,"date":"2023-01-24T10:17:19","date_gmt":"2023-01-24T13:17:19","guid":{"rendered":"https:\/\/vinasfm.com\/noticias\/?p=118046"},"modified":"2023-01-25T11:57:38","modified_gmt":"2023-01-25T14:57:38","slug":"anses-presiona-a-la-oposicion-y-asegura-que-peligra-la-jubilacion-de-29-mil-mendocinos","status":"publish","type":"post","link":"https:\/\/vinasfm.com\/noticias\/anses-presiona-a-la-oposicion-y-asegura-que-peligra-la-jubilacion-de-29-mil-mendocinos\/","title":{"rendered":"ANSES PRESIONA A LA OPOSICI\u00d3N Y ASEGURA QUE PELIGRA LA JUBILACI\u00d3N DE 29 MIL MENDOCINOS"},"content":{"rendered":"<h4><strong>El organismo previsional, controlado por La C\u00e1mpora, reclama que la nueva moratoria previsional se trate en las extraordinarias que convoc\u00f3 Alberto Fern\u00e1ndez.<\/strong><\/h4>\n<p>La Administraci\u00f3n Nacional de la Seguridad Social (ANSES) asegura\u00a0<strong>29 mil mendocinos no podr\u00e1n acceder a su jubilaci\u00f3n en 2023<\/strong>, en caso de no sancionarse la Ley de Pago de Deuda Previsional, que debe tratarse en la C\u00e1mara de Diputados del Congreso.<\/p>\n<p>Se trata del proyecto de ley que impuls\u00f3 el organismo previsional luego del\u00a0<strong>vencimiento del plan moratorio\u00a0previsto en Ley 27.260<\/strong>, destinado a mujeres que s\u00f3lo cumpl\u00edan con el rango etario.<\/p>\n<p><strong>La nueva moratoria previsional<\/strong>\u00a0tiene media sanci\u00f3n del Senado, pero el oficialismo fracas\u00f3, por falta de qu\u00f3rum, en su intento de convertirla en ley en la \u00faltima sesi\u00f3n del a\u00f1o pasado de Diputados.<\/p>\n<p><strong>A nivel pa\u00eds, esta situaci\u00f3n alcanza a cerca de 800 mil personas<\/strong>, por lo que el organismo conducido por Fernanda Raverta remarc\u00f3 la necesidad de que dicha ley sea discutida de manera urgente.<\/p>\n<p>La oposici\u00f3n exigi\u00f3 al oficialismo que explique\u00a0<strong>de d\u00f3nde saldr\u00e1n los fondos para financiar la incorporaci\u00f3n de nuevos jubilados al sistema.\u00a0<\/strong>De acuerdo a lo informado por la Oficina de Presupuesto del Congreso, se estima que para el primer a\u00f1o de aplicaci\u00f3n de la medida el impacto fiscal ser\u00eda de 0,27% del PBI, llegando durante el segundo a\u00f1o a 0,42% del PBI.<\/p>\n<p>El Gobierno incluy\u00f3 este proyecto para ser tratado en las extraordinarias. Sin embargo, desde Juntos por el Cambio anticiparon que mientras el Frente de Todos insista con su embestida contra el Poder Judicial a partir del pedido de juicio pol\u00edtico contra los miembros de la Corte Suprema,\u00a0s<strong>\u00f3lo bajar\u00e1n al recinto si el oficialismo re\u00fane el qu\u00f3rum para sesionar.<\/strong><\/p>\n<p>El Plan de Pago de Deuda Previsional alcanza a dos grupos:<\/p>\n<ul>\n<li>A quienes ya cumplieron la edad jubilatoria (60 a\u00f1os las mujeres y 65 los varones), pero no cuentan con los 30 a\u00f1os de aportes realizados. Estas personas podr\u00e1n cancelar la deuda de aportes en cuotas descontadas de su jubilaci\u00f3n.<\/li>\n<li>A quienes est\u00e1n a menos de 10 a\u00f1os de cumplir la edad jubilatoria y ya saben que no alcanzar\u00e1n los 30 a\u00f1os de aportes. En este caso, podr\u00e1n identificar y cancelar per\u00edodos pasados de aportes, lo que les otorgar\u00e1 derecho a acumular per\u00edodos para su futura jubilaci\u00f3n.<\/li>\n<\/ul>\n<div class=\"newspack_global_ad sidebar_article-2\">\n<div id=\"div-gpt-ad-0f8be909e3-0\" data-google-query-id=\"CMuU2qSj4PwCFa8AuQYdAIYOrA\"><\/div>\n<\/div>\n","protected":false},"excerpt":{"rendered":"<p>El organismo previsional, controlado por La C\u00e1mpora, reclama que la nueva moratoria previsional se trate en las extraordinarias que convoc\u00f3 Alberto &#8230;<\/p>\n","protected":false},"author":7,"featured_media":118047,"comment_status":"open","ping_status":"open","sticky":false,"template":"","format":"standard","meta":{"footnotes":""},"categories":[5,50],"tags":[],"class_list":["post-118046","post","type-post","status-publish","format-standard","has-post-thumbnail","hentry","category-actualidad","category-anses"],"_links":{"self":[{"href":"https:\/\/vinasfm.com\/noticias\/wp-json\/wp\/v2\/posts\/118046","targetHints":{"allow":["GET"]}}],"collection":[{"href":"https:\/\/vinasfm.com\/noticias\/wp-json\/wp\/v2\/posts"}],"about":[{"href":"https:\/\/vinasfm.com\/noticias\/wp-json\/wp\/v2\/types\/post"}],"author":[{"embeddable":true,"href":"https:\/\/vinasfm.com\/noticias\/wp-json\/wp\/v2\/users\/7"}],"replies":[{"embeddable":true,"href":"https:\/\/vinasfm.com\/noticias\/wp-json\/wp\/v2\/comments?post=118046"}],"version-history":[{"count":1,"href":"https:\/\/vinasfm.com\/noticias\/wp-json\/wp\/v2\/posts\/118046\/revisions"}],"predecessor-version":[{"id":118048,"href":"https:\/\/vinasfm.com\/noticias\/wp-json\/wp\/v2\/posts\/118046\/revisions\/118048"}],"wp:featuredmedia":[{"embeddable":true,"href":"https:\/\/vinasfm.com\/noticias\/wp-json\/wp\/v2\/media\/118047"}],"wp:attachment":[{"href":"https:\/\/vinasfm.com\/noticias\/wp-json\/wp\/v2\/media?parent=118046"}],"wp:term":[{"taxonomy":"category","embeddable":true,"href":"https:\/\/vinasfm.com\/noticias\/wp-json\/wp\/v2\/categories?post=118046"},{"taxonomy":"post_tag","embeddable":true,"href":"https:\/\/vinasfm.com\/noticias\/wp-json\/wp\/v2\/tags?post=118046"}],"curies":[{"name":"wp","href":"https:\/\/api.w.org\/{rel}","templated":true}]}}