{"id":117973,"date":"2023-01-20T09:54:37","date_gmt":"2023-01-20T12:54:37","guid":{"rendered":"https:\/\/vinasfm.com\/noticias\/?p=117973"},"modified":"2023-01-23T10:46:13","modified_gmt":"2023-01-23T13:46:13","slug":"tragedia-en-san-rafael-atropellaron-y-mataron-a-un-padre-y-su-hijo","status":"publish","type":"post","link":"https:\/\/vinasfm.com\/noticias\/tragedia-en-san-rafael-atropellaron-y-mataron-a-un-padre-y-su-hijo\/","title":{"rendered":"TRAGEDIA EN SAN RAFAEL: ATROPELLARON Y MATARON A UN PADRE Y SU HIJO"},"content":{"rendered":"<h4><strong>Las v\u00edctimas fatales ten\u00edan 34 y 11 a\u00f1os, respectivamente. Adem\u00e1s, otra ni\u00f1a de 7 sufri\u00f3 heridas graves y lucha por su vida en el hospital Schestakow. El conductor se fug\u00f3, pero luego se entreg\u00f3.<\/strong><\/h4>\n<p><strong>Un hombre de 34 a\u00f1os y su hijo de 11 fallecieron<\/strong>, y otra ni\u00f1a sufri\u00f3 graves heridas, tras ser atropellados este jueves en la noche en San Rafael por un veh\u00edculo utilitario cuyo conductor\u00a0<strong>huy\u00f3 de la escena, aunque luego se entreg\u00f3.<\/strong><\/p>\n<p>La tragedia ocurri\u00f3 aproximadamente a las 23 en calle Carlos Ruiz Daudet, frente al Barrio San Valent\u00edn, y las v\u00edctimas fatales fueron identificadas como\u00a0<strong>Jonathan y Facundo Grand\u00f3n<\/strong>, padre e hijo, respectivamente. En tanto,\u00a0<strong>Abril<\/strong>, de 7 a\u00f1os, est\u00e1 internada en grave estado en la unidad de Terapia Intensiva del hospital Schestakow.<\/p>\n<aside class=\"scaip scaip-1 \">\n<div class=\"newspack_global_ad scaip-1 fixed-height\">\n<div id=\"div-gpt-ad-1c2678cf18-0\" data-google-query-id=\"CIrQuPSX1vwCFf8euQYdVvANiQ\">\n<p>La informaci\u00f3n oficial sostiene que\u00a0<strong>Grandon circulaba en bicicleta<\/strong>, tirando un carro junto a dos de sus hijos, uno de los cuales tambi\u00e9n iba en bicicleta, todos por el costado sur de la arteria. Su esposa transitaba por el margen norte de la calle con otros tres ni\u00f1os.<\/p>\n<p>Por razones que se desconocen,<strong>\u00a0Jonathan y Facundo fueron impactados de atr\u00e1s por el conductor de un Citro\u00ebn Berlingo<\/strong>, que se fug\u00f3 del lugar, dejando restos del veh\u00edculo.<\/p>\n<p>Una ambulancia del Servicio de Emergencia Coordinado (SEC) fue desplazado a la zona y el m\u00e9dico<strong>\u00a0constat\u00f3 la muerte del hombre y su hijo.<\/strong>\u00a0Tambi\u00e9n se decidi\u00f3 el urgente traslado de Abril al hospital, donde fue diagnosticada con\u00a0<strong>politraumatismo por accidente vial con traumatismo enc\u00e9falo craneano (TEC) grave<\/strong>.<\/p>\n<p>Los investigadores comenzaron a trabajar para dar con el automovilista y recurrieron a las c\u00e1maras de seguridad para intentar identificarlo. Sin embargo, el padre del conductor se present\u00f3 en el lugar del accidente e inform\u00f3 que su hijo de 20 a\u00f1os y el veh\u00edculo se encontraban en su domicilio de calle G\u00fciraldes.\u00a0<strong>Hasta all\u00ed se traslad\u00f3 personal policial, que aprehendi\u00f3 al joven.<\/strong><\/p>\n<\/div>\n<\/div>\n<\/aside>\n","protected":false},"excerpt":{"rendered":"<p>Las v\u00edctimas fatales ten\u00edan 34 y 11 a\u00f1os, respectivamente. Adem\u00e1s, otra ni\u00f1a de 7 sufri\u00f3 heridas graves y lucha por su &#8230;<\/p>\n","protected":false},"author":7,"featured_media":117974,"comment_status":"open","ping_status":"open","sticky":false,"template":"","format":"standard","meta":{"footnotes":""},"categories":[5,184],"tags":[],"class_list":["post-117973","post","type-post","status-publish","format-standard","has-post-thumbnail","hentry","category-actualidad","category-siniestro-vial"],"_links":{"self":[{"href":"https:\/\/vinasfm.com\/noticias\/wp-json\/wp\/v2\/posts\/117973","targetHints":{"allow":["GET"]}}],"collection":[{"href":"https:\/\/vinasfm.com\/noticias\/wp-json\/wp\/v2\/posts"}],"about":[{"href":"https:\/\/vinasfm.com\/noticias\/wp-json\/wp\/v2\/types\/post"}],"author":[{"embeddable":true,"href":"https:\/\/vinasfm.com\/noticias\/wp-json\/wp\/v2\/users\/7"}],"replies":[{"embeddable":true,"href":"https:\/\/vinasfm.com\/noticias\/wp-json\/wp\/v2\/comments?post=117973"}],"version-history":[{"count":1,"href":"https:\/\/vinasfm.com\/noticias\/wp-json\/wp\/v2\/posts\/117973\/revisions"}],"predecessor-version":[{"id":117975,"href":"https:\/\/vinasfm.com\/noticias\/wp-json\/wp\/v2\/posts\/117973\/revisions\/117975"}],"wp:featuredmedia":[{"embeddable":true,"href":"https:\/\/vinasfm.com\/noticias\/wp-json\/wp\/v2\/media\/117974"}],"wp:attachment":[{"href":"https:\/\/vinasfm.com\/noticias\/wp-json\/wp\/v2\/media?parent=117973"}],"wp:term":[{"taxonomy":"category","embeddable":true,"href":"https:\/\/vinasfm.com\/noticias\/wp-json\/wp\/v2\/categories?post=117973"},{"taxonomy":"post_tag","embeddable":true,"href":"https:\/\/vinasfm.com\/noticias\/wp-json\/wp\/v2\/tags?post=117973"}],"curies":[{"name":"wp","href":"https:\/\/api.w.org\/{rel}","templated":true}]}}