{"id":117941,"date":"2023-01-19T09:14:23","date_gmt":"2023-01-19T12:14:23","guid":{"rendered":"https:\/\/vinasfm.com\/noticias\/?p=117941"},"modified":"2023-01-20T09:55:53","modified_gmt":"2023-01-20T12:55:53","slug":"los-insendios-en-el-secano-alvearense-estan-cirscuncriptos","status":"publish","type":"post","link":"https:\/\/vinasfm.com\/noticias\/los-insendios-en-el-secano-alvearense-estan-cirscuncriptos\/","title":{"rendered":"LOS INCENDIOS EN EL SECANO ALVEARENSE EST\u00c1N CIRSCUNCRIPTOS"},"content":{"rendered":"<div class=\"adn ads\" data-message-id=\"#msg-f:1755373875568315640\" data-legacy-message-id=\"185c573d4d400cf8\">\n<div class=\"gs\">\n<div class=\"\">\n<div id=\":ij\" class=\"ii gt\">\n<div id=\":ii\" class=\"a3s aiL \">\n<div>\n<h4>El Director de Defensa Civil Adolfo Balverde junto al Coordinador Plan Provincial de Manejo del Fuego Diego Marti brindaron detalles acerca del estado de los incendios de monte nativo, ubicados en Canalejas al Sur y en La Mora al Sur.<\/h4>\n<p>En la noche de ayer lleg\u00f3 la calma para los productores, puesteros, brigadistas y personal afectado al combate de los incendios porque precipit\u00f3 entre 15 y 20mm. Igualmente, las cuadrillas han quedado revisando los per\u00edmetros, viendo si queda algo encendido. Los focos iniciaron su actividad \u00edgnea el s\u00e1bado por la noche, originados por los rayos de una fuerte tormenta que se desat\u00f3 en General Alvear.<\/p>\n<p><em><strong>&#8216;Hemos estado en contacto por radio, el incendio est\u00e1 controlado en Canalejas al Sur y en la Mora al Sur. Hasta \u00faltimas horas de la tarde las cuadrillas van a quedar en el lugar&#8217;<\/strong><\/em>, asegur\u00f3 Balverde.<\/p>\n<p>Por su parte, Diego Marti confirm\u00f3: <em><strong>&#8216;afectamos a todas las cuadrillas del Plan provincial de manejo del fuego para tratar de mitigar los incendios. Tuvimos condiciones de comportamiento extremo del fuego, de acuerdo al \u00edndice meteorol\u00f3gico de peligro de incendio. Tuvimos viento intenso, sobre todo el domingo por la ma\u00f1ana, lo que hizo que el fuego tomara dimensiones importantes. Asimismo, nuestro personal ha estado trabajando en forma continua, sin descanso, para tratar de controlar los incendios. Contamos con la colaboraci\u00f3n de gente de Defensa Civil del Municipio y de la Provincia, tambi\u00e9n de la Direcci\u00f3n provincial de Vialidad, los productores pusieron a nuestra disposici\u00f3n los equipos que ten\u00edan, tractores con rastra, para asistirnos en esta tarea de control&#8217;.<\/strong><\/em><\/p>\n<p>Un total de 35 personas del Plan de manejo del fuego estuvieron desplegadas en el terreno, tambi\u00e9n contribuyeron pobladores a apagarlo. &#8216;<em><strong>Por otra parte, tambi\u00e9n hubo gente que complic\u00f3 la situaci\u00f3n propia del incendio, porque realizaron fuegos no autorizados por nosotros, lo que contribuy\u00f3, en su momento, a que el incendio se agrandara. Est\u00e1n identificados, recibir\u00e1n una sanci\u00f3n econ\u00f3mica, es decir, una multa importante y se est\u00e1 haciendo la exposici\u00f3n para que tome intervenci\u00f3n la justicia ordinaria&#8217;.<\/strong><\/em><\/p>\n<p>Respecto a las picadas cortafuego que contribuyen al accionar de los brigadistas, el Coordinador del PPMF expres\u00f3: <em><strong>&#8216;en muchos de los campos las picadas estaban sucias, lo que nos dificulta la tarea a nosotros, porque no pudimos trabajar directamente con contrafuegos, entonces hay que reevaluar qu\u00e9 o<\/strong><\/em>tras acciones es posible llevar a cabo&#8217;.<\/p>\n<p>No se puede afirmar que est\u00e1 extinto el incendio, <strong><em>&#8216;por una cuesti\u00f3n de tecnicismos, hablamos de que tenemos circunscripto al incendio, no lo damos por extinguido hasta pasadas 24hs del \u00faltimo registro de actividad \u00edgnea&#8217;.<\/em><\/strong><\/p>\n<div class=\"yj6qo\"><\/div>\n<div class=\"adL\"><\/div>\n<\/div>\n<div class=\"adL\"><\/div>\n<\/div>\n<\/div>\n<div class=\"hi\"><\/div>\n<\/div>\n<\/div>\n<div class=\"ajx\"><\/div>\n<\/div>\n<div class=\"gA gt acV\">\n<div class=\"gB xu\">\n<div class=\"ip iq\">\n<div id=\":ik\">\n<table class=\"cf wS\" role=\"presentation\">\n<tbody>\n<tr>\n<td class=\"amq\"><img decoding=\"async\" id=\":hg_0\" class=\"ajn bofPge\" src=\"https:\/\/lh3.googleusercontent.com\/a\/AEdFTp7Uf0mUkSCx-tvNJ1MjMemS9y03i6v8SmEbExuYDik=s40-p\" name=\":hg\" data-hovercard-id=\"fmvinas@gmail.com\" \/><\/td>\n<td class=\"amr\">\n<div class=\"nr wR\">\n<div class=\"amn\"><span id=\":id\" class=\"ams bkH\" tabindex=\"0\" role=\"link\">Responder<\/span><span id=\":if\" class=\"ams bkG\" tabindex=\"0\" role=\"link\">Reenviar<\/span><\/div>\n<\/div>\n<\/td>\n<\/tr>\n<\/tbody>\n<\/table>\n<\/div>\n<\/div>\n<\/div>\n<\/div>\n","protected":false},"excerpt":{"rendered":"<p>El Director de Defensa Civil Adolfo Balverde junto al Coordinador Plan Provincial de Manejo del Fuego Diego Marti brindaron detalles acerca &#8230;<\/p>\n","protected":false},"author":7,"featured_media":117943,"comment_status":"open","ping_status":"open","sticky":false,"template":"","format":"standard","meta":{"footnotes":""},"categories":[5,10],"tags":[],"class_list":["post-117941","post","type-post","status-publish","format-standard","has-post-thumbnail","hentry","category-actualidad","category-destacadas"],"_links":{"self":[{"href":"https:\/\/vinasfm.com\/noticias\/wp-json\/wp\/v2\/posts\/117941","targetHints":{"allow":["GET"]}}],"collection":[{"href":"https:\/\/vinasfm.com\/noticias\/wp-json\/wp\/v2\/posts"}],"about":[{"href":"https:\/\/vinasfm.com\/noticias\/wp-json\/wp\/v2\/types\/post"}],"author":[{"embeddable":true,"href":"https:\/\/vinasfm.com\/noticias\/wp-json\/wp\/v2\/users\/7"}],"replies":[{"embeddable":true,"href":"https:\/\/vinasfm.com\/noticias\/wp-json\/wp\/v2\/comments?post=117941"}],"version-history":[{"count":2,"href":"https:\/\/vinasfm.com\/noticias\/wp-json\/wp\/v2\/posts\/117941\/revisions"}],"predecessor-version":[{"id":117953,"href":"https:\/\/vinasfm.com\/noticias\/wp-json\/wp\/v2\/posts\/117941\/revisions\/117953"}],"wp:featuredmedia":[{"embeddable":true,"href":"https:\/\/vinasfm.com\/noticias\/wp-json\/wp\/v2\/media\/117943"}],"wp:attachment":[{"href":"https:\/\/vinasfm.com\/noticias\/wp-json\/wp\/v2\/media?parent=117941"}],"wp:term":[{"taxonomy":"category","embeddable":true,"href":"https:\/\/vinasfm.com\/noticias\/wp-json\/wp\/v2\/categories?post=117941"},{"taxonomy":"post_tag","embeddable":true,"href":"https:\/\/vinasfm.com\/noticias\/wp-json\/wp\/v2\/tags?post=117941"}],"curies":[{"name":"wp","href":"https:\/\/api.w.org\/{rel}","templated":true}]}}