{"id":117902,"date":"2023-01-17T10:25:53","date_gmt":"2023-01-17T13:25:53","guid":{"rendered":"https:\/\/vinasfm.com\/noticias\/?p=117902"},"modified":"2023-01-17T10:34:53","modified_gmt":"2023-01-17T13:34:53","slug":"denucian-que-en-el-fin-de-semana-no-funciono-el-sistema-cloacal-en-valle-grande","status":"publish","type":"post","link":"https:\/\/vinasfm.com\/noticias\/denucian-que-en-el-fin-de-semana-no-funciono-el-sistema-cloacal-en-valle-grande\/","title":{"rendered":"DENUNCIAN QUE EN EL FIN DE SEMANA NO FUNCION\u00d3 EL SISTEMA CLOACAL EN VALLE GRANDE"},"content":{"rendered":"<h4>El \u00faltimo fin de semana hubo problemas con las cloacas de Valle Grande, lo que gener\u00f3 molestias a los turistas y prestadores. Ricardo Petrelli, presidente de la Asociaci\u00f3n Tur\u00edstica Ca\u00f1\u00f3n del Atuel se refiri\u00f3 al tema.<\/h4>\n<p><strong>&#8216;<\/strong><em>Afortunadamente el problema fue solucionado, pero el viernes pasado en una de la bocas de registro comenz\u00f3 a salir lo que ya sabemos todos. <strong>El sistema de cloacas de Valle Grande funciona perfectamente, pero tiene dos estaciones de bombeo que necesitan energ\u00eda el\u00e9ctrica para funcionar. Cuando se corta la energ\u00eda por tormentas el sistema se detiene, pero al volver la electricidad no se reinicia autom\u00e1ticamente, sino que hay que ir y apretar un bot\u00f3n para que la bomba se ponga en funcionamiento nuevamente.<\/strong> Aysam, que es la empresa que tiene a cargo el funcionamiento ya tiene esto registrado y siempre lo ponen en marcha ellos. <strong>Pero el sistema ya tiene algunos a\u00f1itos; cada estaci\u00f3n de bombeo tiene dos bombas, una que est\u00e1 funcionando y otra de repuesto, pero como no se les han hecho los mantenimientos preventivos en tiempo y forma, ahora hay una sola bomba que funciona, la otra est\u00e1 rota, y tendr\u00eda que estar reparada.<\/strong> La demanda en verano obviamente aumenta y las bombas no alcanzan a liberar las estaciones de bombeo; por suerte, Aysam trabajo este fin de semana y ya solucion\u00f3 el problema. No obstante, el sistema est\u00e1 funcionando m\u00e1s lento y por ah\u00ed se sienten olores en otros registros; <strong>la idea es que esto no suceda, por eso la empresa y nosotros ahora trataremos de que el mantenimiento se haga en tiempo y forma para que esto no vuelva a suceder en temporada. Esto pas\u00f3 tambi\u00e9n el verano pasado, solo que no sali\u00f3 en los medios, y tambi\u00e9n tuvimos una p\u00e9rdida de agua frente al hotel Valle Grande.<\/strong> Durante alg\u00fan tiempo las cloacas ten\u00edan otro operador, que fue el que la construy\u00f3, despu\u00e9s pas\u00f3 a un operador privado, y ahora lo tom\u00f3 Aysam. Es decir que es la empresa la que tendr\u00e1 que hacer las reparaciones completas de los sistemas de bombeo, porque las bombas ya tienen cerca de diez a\u00f1os de antig\u00fcedad. Obviamente nosotros pagamos el servicio de cloacas, por lo que necesitamos que \u00e9stas funcionen como corresponde. Lamentablemente es en esta \u00e9poca cuando m\u00e1s se usan y comienzan a aparecer los olores y algunas filtraciones.<strong> Igualmente pedimos a la gente que se quede tranquila porque el sistema est\u00e1 bien dise\u00f1ado, funciona bien y tiene capacidad para todos&#8217;<\/strong><\/em><\/p>\n<p>En otro orden, Petrelli coment\u00f3 que <em><strong>&#8216;He visto algunas publicaciones de Alvear, que dicen que le estamos tirando el agua contaminada al R\u00edo Atuel. Eso no es cierto, porque las cloacas justamente fueron hechas para que no se fuera nada al r\u00edo, y las piletas de decantaci\u00f3n est\u00e1n en cercan\u00edas de la rotonda del Valle, por lo tanto, que la gente se quede tranquila porque no va ning\u00fan contaminante al r\u00edo. La gente por ah\u00ed escucha a algunos malintencionados, y ocurre lo de ahora donde todo el mundo est\u00e1 preguntando \u00bfQu\u00e9 pasa con las cloacas?&#8217;.<\/strong><\/em><\/p>\n<p>Finalizando, analiz\u00f3 el avance de la temporada tur\u00edstica: <em><strong>&#8216;no viene como nosotros esper\u00e1bamos si la comparamos con la pasada, pero nos estamos recuperando bastante bien, es decir que estamos volviendo a los par\u00e1metros anteriores a la pandemia, con una ocupaci\u00f3n moderada. Calculo que vamos a estar con una ocupaci\u00f3n de entre el 70% y 80%&#8217;<\/strong><\/em> explic\u00f3 Petrelli.<\/p>\n","protected":false},"excerpt":{"rendered":"<p>El \u00faltimo fin de semana hubo problemas con las cloacas de Valle Grande, lo que gener\u00f3 molestias a los turistas y &#8230;<\/p>\n","protected":false},"author":7,"featured_media":11851,"comment_status":"open","ping_status":"open","sticky":false,"template":"","format":"standard","meta":{"footnotes":""},"categories":[1],"tags":[],"class_list":["post-117902","post","type-post","status-publish","format-standard","has-post-thumbnail","hentry","category-fmvinas"],"_links":{"self":[{"href":"https:\/\/vinasfm.com\/noticias\/wp-json\/wp\/v2\/posts\/117902","targetHints":{"allow":["GET"]}}],"collection":[{"href":"https:\/\/vinasfm.com\/noticias\/wp-json\/wp\/v2\/posts"}],"about":[{"href":"https:\/\/vinasfm.com\/noticias\/wp-json\/wp\/v2\/types\/post"}],"author":[{"embeddable":true,"href":"https:\/\/vinasfm.com\/noticias\/wp-json\/wp\/v2\/users\/7"}],"replies":[{"embeddable":true,"href":"https:\/\/vinasfm.com\/noticias\/wp-json\/wp\/v2\/comments?post=117902"}],"version-history":[{"count":2,"href":"https:\/\/vinasfm.com\/noticias\/wp-json\/wp\/v2\/posts\/117902\/revisions"}],"predecessor-version":[{"id":117907,"href":"https:\/\/vinasfm.com\/noticias\/wp-json\/wp\/v2\/posts\/117902\/revisions\/117907"}],"wp:featuredmedia":[{"embeddable":true,"href":"https:\/\/vinasfm.com\/noticias\/wp-json\/wp\/v2\/media\/11851"}],"wp:attachment":[{"href":"https:\/\/vinasfm.com\/noticias\/wp-json\/wp\/v2\/media?parent=117902"}],"wp:term":[{"taxonomy":"category","embeddable":true,"href":"https:\/\/vinasfm.com\/noticias\/wp-json\/wp\/v2\/categories?post=117902"},{"taxonomy":"post_tag","embeddable":true,"href":"https:\/\/vinasfm.com\/noticias\/wp-json\/wp\/v2\/tags?post=117902"}],"curies":[{"name":"wp","href":"https:\/\/api.w.org\/{rel}","templated":true}]}}