{"id":117899,"date":"2023-01-17T10:18:25","date_gmt":"2023-01-17T13:18:25","guid":{"rendered":"https:\/\/vinasfm.com\/noticias\/?p=117899"},"modified":"2023-01-18T10:43:14","modified_gmt":"2023-01-18T13:43:14","slug":"chile-busca-crear-una-policia-de-turismo-por-la-ola-de-robos-a-argentinos","status":"publish","type":"post","link":"https:\/\/vinasfm.com\/noticias\/chile-busca-crear-una-policia-de-turismo-por-la-ola-de-robos-a-argentinos\/","title":{"rendered":"CHILE BUSCA CREAR UNA \u00abPOLIC\u00cdA DE TURISMO\u00bb POR LA OLA DE ROBOS A ARGENTINOS"},"content":{"rendered":"<h4 class=\"description-boxed\"><strong>El turismo mendocino en el vecino pa\u00eds volvi\u00f3 a niveles de pre pandemia pero con una inseguridad alarmante que han sufrido decenas de familias. Hay alerta en el sector tur\u00edstico por cancelaciones de reservas.<\/strong><\/h4>\n<p>El \u00e9xodo veraniego de argentinos, y sobre todo de mendocinos, a las costas chilenas parece haber retomado niveles de pre pandemia. Miles de personas atravesaron la Cordillera de Los Andes para visitar el vecino pa\u00eds, pero esto tambi\u00e9n trajo aparejado un problema casi in\u00e9dito y que preocupa a los viajeros: la\u00a0<b>inseguridad en las rutas y ciudades trasandinas<\/b>\u00a0que fuerzan al Estado a tomar medidas urgentes.<\/p>\n<div class=\"zone zone_interp\">\n<aside class=\"piece banner standard\">\n<aside id=\"adbanner\" class=\"adbanner\" data-type=\"dfp\">\n<div id=\"interparrafo_1\" data-dfp-banner-display=\"1\" data-dfp-path=\"\/115771999\/notas_interparrafo_1\" data-dfp-type=\"interparrafo\" data-dfp-id=\"interparrafo_1\" data-google-query-id=\"CKrh69bWzvwCFQ0YuQYdfJ8AKg\"><b>Robos en las playas, rotura de autos, pinchadura de ruedas en las rutas camino a las ciudades balnearias<\/b>, forman un combo que preocupan a quienes tienen en mente viajar las costas del Pac\u00edfico y que est\u00e1 acompa\u00f1ado por una <em><strong>&#8216;falta de carabineros en las calles&#8217;.<\/strong><\/em> Las situaciones se replican no s\u00f3lo en el trayecto hacia la Regi\u00f3n de Valpara\u00edso, sino que tambi\u00e9n en Coquimbo y La Serena, donde la mayor\u00eda de los visitantes son sanjuaninos, la inseguridad se hace notar.<\/div>\n<\/aside>\n<\/aside>\n<div data-dfp-banner-display=\"1\" data-dfp-path=\"\/115771999\/notas_interparrafo_1\" data-dfp-type=\"interparrafo\" data-dfp-id=\"interparrafo_1\" data-google-query-id=\"CKrh69bWzvwCFQ0YuQYdfJ8AKg\"><\/div>\n<div data-dfp-banner-display=\"1\" data-dfp-path=\"\/115771999\/notas_interparrafo_1\" data-dfp-type=\"interparrafo\" data-dfp-id=\"interparrafo_1\" data-google-query-id=\"CKrh69bWzvwCFQ0YuQYdfJ8AKg\">El diario\u00a0El Pa\u00eds\u00a0asegur\u00f3 que la regi\u00f3n de Valpara\u00edso impulsa c<b>rear una Polic\u00eda del Turismo<\/b>\u00a0para hacer frente a este tipo de delincuencia. La medida, claro, est\u00e1 impulsada tambi\u00e9n por las c\u00e1maras de turismo y las industrias hotelera y gastron\u00f3mica.<\/div>\n<\/div>\n<div data-dfp-banner-display=\"1\" data-dfp-path=\"\/115771999\/notas_interparrafo_1\" data-dfp-type=\"interparrafo\" data-dfp-id=\"interparrafo_1\" data-google-query-id=\"CKrh69bWzvwCFQ0YuQYdfJ8AKg\">\n<p>La<em><strong> &#8216;percepci\u00f3n de inseguridad r\u00e9cord&#8217;<\/strong><\/em> que se vive en el vecino pa\u00eds lleg\u00f3 a las autoridades y crearon una mesa de trabajo entre empresarios de \u00abValpo\u00bb, Vi\u00f1a del Mar y Conc\u00f3n.<\/p>\n<p>En esa l\u00ednea, la directora de Turismo de Coquimbo habl\u00f3 con medios de San Juan y lament\u00f3 los robos sufridos por argentinos y asegur\u00f3: <em><strong>&#8216;La seguridad de los turistas\u00a0est\u00e1 en el centro de nuestro\u00a0trabajo y por eso estamos coordinando esfuerzos con el delegado Presidencial, la coordinadora de la Subsecretar\u00eda de la\u00a0Prevenci\u00f3n\u00a0del\u00a0Delito, los alcaldes del territorio y sus departamentos de seguridad ciudadana para recuperar espacios&#8217;.<\/strong><\/em><\/p>\n<p>En Chile buscan acelerar las pol\u00edticas que garanticen a los visitantes una buena estad\u00eda en su tierra. El gremio tur\u00edstico reconoce que en los \u00faltimos d\u00edas hubo una cancelaci\u00f3n de reservas por la inseguridad en la regi\u00f3n.<\/p>\n<p>A pesar de esto, durante el fin de semana nuevamente hubo largas filas en Los Libertadores por el cambio de quincena. Chile sigue siendo un destino elegido a pesar del cambio desfavorable y de los hechos previamente mencionados.<\/p>\n<p>Las autoridades, mientras, piden no dejar bolsos ni cosas de valor en los autos, estacionar en establecimientos seguros y resguardados, pagar con medios electr\u00f3nicos y conocer bien d\u00f3nde est\u00e1 la unidad de Carabineros m\u00e1s cercana ante cualquier eventualidad.<\/p>\n<\/div>\n","protected":false},"excerpt":{"rendered":"<p>El turismo mendocino en el vecino pa\u00eds volvi\u00f3 a niveles de pre pandemia pero con una inseguridad alarmante que han sufrido &#8230;<\/p>\n","protected":false},"author":7,"featured_media":45633,"comment_status":"open","ping_status":"open","sticky":false,"template":"","format":"standard","meta":{"footnotes":""},"categories":[5,10],"tags":[],"class_list":["post-117899","post","type-post","status-publish","format-standard","has-post-thumbnail","hentry","category-actualidad","category-destacadas"],"_links":{"self":[{"href":"https:\/\/vinasfm.com\/noticias\/wp-json\/wp\/v2\/posts\/117899","targetHints":{"allow":["GET"]}}],"collection":[{"href":"https:\/\/vinasfm.com\/noticias\/wp-json\/wp\/v2\/posts"}],"about":[{"href":"https:\/\/vinasfm.com\/noticias\/wp-json\/wp\/v2\/types\/post"}],"author":[{"embeddable":true,"href":"https:\/\/vinasfm.com\/noticias\/wp-json\/wp\/v2\/users\/7"}],"replies":[{"embeddable":true,"href":"https:\/\/vinasfm.com\/noticias\/wp-json\/wp\/v2\/comments?post=117899"}],"version-history":[{"count":1,"href":"https:\/\/vinasfm.com\/noticias\/wp-json\/wp\/v2\/posts\/117899\/revisions"}],"predecessor-version":[{"id":117901,"href":"https:\/\/vinasfm.com\/noticias\/wp-json\/wp\/v2\/posts\/117899\/revisions\/117901"}],"wp:featuredmedia":[{"embeddable":true,"href":"https:\/\/vinasfm.com\/noticias\/wp-json\/wp\/v2\/media\/45633"}],"wp:attachment":[{"href":"https:\/\/vinasfm.com\/noticias\/wp-json\/wp\/v2\/media?parent=117899"}],"wp:term":[{"taxonomy":"category","embeddable":true,"href":"https:\/\/vinasfm.com\/noticias\/wp-json\/wp\/v2\/categories?post=117899"},{"taxonomy":"post_tag","embeddable":true,"href":"https:\/\/vinasfm.com\/noticias\/wp-json\/wp\/v2\/tags?post=117899"}],"curies":[{"name":"wp","href":"https:\/\/api.w.org\/{rel}","templated":true}]}}