{"id":117867,"date":"2023-01-16T11:48:28","date_gmt":"2023-01-16T14:48:28","guid":{"rendered":"https:\/\/vinasfm.com\/noticias\/?p=117867"},"modified":"2023-01-17T09:56:39","modified_gmt":"2023-01-17T12:56:39","slug":"camilo-lieby-sub-campeon-en-el-primer-torneo-del-2023-del-club-regatas","status":"publish","type":"post","link":"https:\/\/vinasfm.com\/noticias\/camilo-lieby-sub-campeon-en-el-primer-torneo-del-2023-del-club-regatas\/","title":{"rendered":"CAMILO LIEBY, SUB CAMPE\u00d3N EN EL PRIMER TORNEO DEL 2023 DEL CLUB REGATAS"},"content":{"rendered":"<h4>Se disput\u00f3 el primer torneo del a\u00f1o en el Club Mendoza Regatas y el joven Alvearense consigui\u00f3 un importante segundo lugar, ante fuertes jugadores<\/h4>\n<p style=\"font-weight: 400;\">El certamen que se disput\u00f3 bajo modalidad Blitz (o ajedrez rel\u00e1mpago) fue organizado por el Club anfitri\u00f3n y cont\u00f3 con la fiscalizaci\u00f3n de la Federaci\u00f3n Mendocina de Ajedrez. Reuni\u00f3 a un total de 32 jugadores de distintos departamentos y el adolescente alvearense, de 16 a\u00f1os, que se prepara para disputar la Final Nacional de su categor\u00eda, se qued\u00f3 con un valioso segundo lugar, producto de 7 victorias y 2 derrotas (ante el jugador de Regatas, V\u00edctor P\u00e9rez y a Ricardo Montacuto)<\/p>\n<p>&nbsp;<\/p>\n<p><a href=\"https:\/\/vinasfm.com\/noticias\/wp-content\/uploads\/2023\/01\/ajedrez_regatas_grupal.jpg\"><img loading=\"lazy\" decoding=\"async\" class=\"alignnone size-full wp-image-117870\" src=\"https:\/\/vinasfm.com\/noticias\/wp-content\/uploads\/2023\/01\/ajedrez_regatas_grupal.jpg\" alt=\"\" width=\"1600\" height=\"720\" srcset=\"https:\/\/vinasfm.com\/noticias\/wp-content\/uploads\/2023\/01\/ajedrez_regatas_grupal.jpg 1600w, https:\/\/vinasfm.com\/noticias\/wp-content\/uploads\/2023\/01\/ajedrez_regatas_grupal-300x135.jpg 300w, https:\/\/vinasfm.com\/noticias\/wp-content\/uploads\/2023\/01\/ajedrez_regatas_grupal-1024x461.jpg 1024w, https:\/\/vinasfm.com\/noticias\/wp-content\/uploads\/2023\/01\/ajedrez_regatas_grupal-768x346.jpg 768w, https:\/\/vinasfm.com\/noticias\/wp-content\/uploads\/2023\/01\/ajedrez_regatas_grupal-1536x691.jpg 1536w\" sizes=\"auto, (max-width: 1600px) 100vw, 1600px\" \/><\/a><\/p>\n<p style=\"font-weight: 400;\">Ganador del torneo fue Tom\u00e1s Caruso, que conquist\u00f3 un punto m\u00e1s que Camilo Lieby, y complet\u00f3 el Podio, Montacuto.<\/p>\n<p>&nbsp;<\/p>\n<div class=\"post-body-container\">\n<div id=\"post-body-8847605686916168082\" class=\"post-body entry-content float-container\">\n<h3><\/h3>\n<\/div>\n<\/div>\n","protected":false},"excerpt":{"rendered":"<p>Se disput\u00f3 el primer torneo del a\u00f1o en el Club Mendoza Regatas y el joven Alvearense consigui\u00f3 un importante segundo lugar, &#8230;<\/p>\n","protected":false},"author":7,"featured_media":117869,"comment_status":"open","ping_status":"open","sticky":false,"template":"","format":"standard","meta":{"footnotes":""},"categories":[5,3],"tags":[],"class_list":["post-117867","post","type-post","status-publish","format-standard","has-post-thumbnail","hentry","category-actualidad","category-deportes"],"_links":{"self":[{"href":"https:\/\/vinasfm.com\/noticias\/wp-json\/wp\/v2\/posts\/117867","targetHints":{"allow":["GET"]}}],"collection":[{"href":"https:\/\/vinasfm.com\/noticias\/wp-json\/wp\/v2\/posts"}],"about":[{"href":"https:\/\/vinasfm.com\/noticias\/wp-json\/wp\/v2\/types\/post"}],"author":[{"embeddable":true,"href":"https:\/\/vinasfm.com\/noticias\/wp-json\/wp\/v2\/users\/7"}],"replies":[{"embeddable":true,"href":"https:\/\/vinasfm.com\/noticias\/wp-json\/wp\/v2\/comments?post=117867"}],"version-history":[{"count":1,"href":"https:\/\/vinasfm.com\/noticias\/wp-json\/wp\/v2\/posts\/117867\/revisions"}],"predecessor-version":[{"id":117871,"href":"https:\/\/vinasfm.com\/noticias\/wp-json\/wp\/v2\/posts\/117867\/revisions\/117871"}],"wp:featuredmedia":[{"embeddable":true,"href":"https:\/\/vinasfm.com\/noticias\/wp-json\/wp\/v2\/media\/117869"}],"wp:attachment":[{"href":"https:\/\/vinasfm.com\/noticias\/wp-json\/wp\/v2\/media?parent=117867"}],"wp:term":[{"taxonomy":"category","embeddable":true,"href":"https:\/\/vinasfm.com\/noticias\/wp-json\/wp\/v2\/categories?post=117867"},{"taxonomy":"post_tag","embeddable":true,"href":"https:\/\/vinasfm.com\/noticias\/wp-json\/wp\/v2\/tags?post=117867"}],"curies":[{"name":"wp","href":"https:\/\/api.w.org\/{rel}","templated":true}]}}