{"id":117860,"date":"2023-01-16T08:45:37","date_gmt":"2023-01-16T11:45:37","guid":{"rendered":"https:\/\/vinasfm.com\/noticias\/?p=117860"},"modified":"2023-01-18T08:27:18","modified_gmt":"2023-01-18T11:27:18","slug":"luisina-rigoldi-es-la-nueva-soberana-de-alvear-oeste","status":"publish","type":"post","link":"https:\/\/vinasfm.com\/noticias\/luisina-rigoldi-es-la-nueva-soberana-de-alvear-oeste\/","title":{"rendered":"LUISINA RIGOLDI ES LA NUEVA SOBERANA DE ALVEAR OESTE"},"content":{"rendered":"<div class=\"adn ads\" data-message-id=\"#msg-f:1755096079862624681\" data-legacy-message-id=\"185b5a95f2e471a9\">\n<div class=\"gs\">\n<div class=\"\">\n<div id=\":i3\" class=\"ii gt\">\n<div id=\":i2\" class=\"a3s aiL \">\n<div>\n<h4><strong>La joven fue coronada en una fiesta realizada en la Plaza Manuel Belgrano, frente a una gran cantidad de p\u00fablico.<\/strong><\/h4>\n<p>La lluvia no impidi\u00f3 que Luisina Rigoldi recibiera la corona de Alvear Oeste y tuviera su noche so\u00f1ada, en la plaza Manuel Belgrano, de ese distrito. Cabe destacar que esta fiesta abri\u00f3 el calendario vendimia en nuestro departamento.<\/p>\n<p><a href=\"https:\/\/vinasfm.com\/noticias\/wp-content\/uploads\/2023\/01\/IMG_8782-scaled.jpg\"><img loading=\"lazy\" decoding=\"async\" class=\"aligncenter wp-image-117862\" src=\"https:\/\/vinasfm.com\/noticias\/wp-content\/uploads\/2023\/01\/IMG_8782-scaled.jpg\" alt=\"\" width=\"500\" height=\"333\" srcset=\"https:\/\/vinasfm.com\/noticias\/wp-content\/uploads\/2023\/01\/IMG_8782-scaled.jpg 2560w, https:\/\/vinasfm.com\/noticias\/wp-content\/uploads\/2023\/01\/IMG_8782-300x200.jpg 300w, https:\/\/vinasfm.com\/noticias\/wp-content\/uploads\/2023\/01\/IMG_8782-1024x683.jpg 1024w, https:\/\/vinasfm.com\/noticias\/wp-content\/uploads\/2023\/01\/IMG_8782-768x512.jpg 768w, https:\/\/vinasfm.com\/noticias\/wp-content\/uploads\/2023\/01\/IMG_8782-1536x1024.jpg 1536w, https:\/\/vinasfm.com\/noticias\/wp-content\/uploads\/2023\/01\/IMG_8782-2048x1365.jpg 2048w\" sizes=\"auto, (max-width: 500px) 100vw, 500px\" \/><\/a><\/p>\n<p>El delegado distrital, Emanuel Navarro, se mostr\u00f3 muy contento por la realizaci\u00f3n de esta fiesta: <strong><em>&#8216;Estamos muy contentos porque Luisina es del coraz\u00f3n de Oeste, tuvo una gran aceptaci\u00f3n por parte de los vecinos, es una chica muy preparada algo que vimos en la calidad de su discurso&#8217;.<\/em><\/strong><\/p>\n<p>Por su parte, la Directora de Cultura Liana Piedrafita expres\u00f3:<strong><em> &#8216;Comenzamos Vendimia Viva, durante todo enero realizaremos las vendimias distritales, V\u00eda Blanca, este domingo tambi\u00e9n esperamos a much\u00edsima gente de todos los lugares. El 4 de febrero los esperamos a todos en la plaza departamental para la Vendimia Departamental, que tendr\u00e1 un gran mensaje, que se une con una Ciudad que ya ha concretado muchos proyectos en cuanto a educaci\u00f3n y educaci\u00f3n, pero tambi\u00e9n con muchos proyectos por delante&#8217;.<\/em><\/strong><\/p>\n<p>La Reina Saliente, Karen Far\u00edas tambi\u00e9n se mostr\u00f3 muy feliz con la coronaci\u00f3n de la nueva joven:<em><strong> &#8216;Contamos con ella, y esperamos que tenga un a\u00f1o lleno de \u00e9xitos. La gente de Alvear, no solo de Oeste, me brind\u00f3 siempre su apoyo y estoy muy contenta con eso&#8217;.<\/strong><\/em><\/p>\n<p><a href=\"https:\/\/vinasfm.com\/noticias\/wp-content\/uploads\/2023\/01\/IMG_8722-scaled.jpg\"><img loading=\"lazy\" decoding=\"async\" class=\"wp-image-117863 aligncenter\" src=\"https:\/\/vinasfm.com\/noticias\/wp-content\/uploads\/2023\/01\/IMG_8722-scaled.jpg\" alt=\"\" width=\"500\" height=\"333\" srcset=\"https:\/\/vinasfm.com\/noticias\/wp-content\/uploads\/2023\/01\/IMG_8722-scaled.jpg 2560w, https:\/\/vinasfm.com\/noticias\/wp-content\/uploads\/2023\/01\/IMG_8722-300x200.jpg 300w, https:\/\/vinasfm.com\/noticias\/wp-content\/uploads\/2023\/01\/IMG_8722-1024x683.jpg 1024w, https:\/\/vinasfm.com\/noticias\/wp-content\/uploads\/2023\/01\/IMG_8722-768x512.jpg 768w, https:\/\/vinasfm.com\/noticias\/wp-content\/uploads\/2023\/01\/IMG_8722-1536x1024.jpg 1536w, https:\/\/vinasfm.com\/noticias\/wp-content\/uploads\/2023\/01\/IMG_8722-2048x1365.jpg 2048w\" sizes=\"auto, (max-width: 500px) 100vw, 500px\" \/><\/a><\/p>\n<p>La nueva soberana, Mar\u00eda Luisina Rigoldi Caltabiano, tiene 18 a\u00f1os, es egresada de la Escuela Agricultura, Profesora de Danzas Cl\u00e1sicas y est\u00e1 en la preparatoria para ingresar a la carrera de Medicina. Luisina tiene ojos verdes, cabellos rubios, 1,78m de estatura. En sus tiempos libres le gusta bailar, escuchar m\u00fasica y pasear.<\/p>\n<p><em><strong>&#8216;Ser Reina de Alvear Oeste es un privilegio y los voy a representar de la mejor manera. Estoy disfrutando mucho de todo este camino que es tan lindo. Quiero motivar a los j\u00f3venes para que se interesen en la historia de nuestro pueblo para mantener viva las tradiciones, y adem\u00e1s quiero comprometerme a promover el cuidado del medio ambiente y del agua&#8217;<\/strong><\/em> dijo la flamante soberana distrital.<\/p>\n<p><a href=\"https:\/\/vinasfm.com\/noticias\/wp-content\/uploads\/2023\/01\/IMG_8802-scaled.jpg\"><img loading=\"lazy\" decoding=\"async\" class=\"wp-image-117864 aligncenter\" src=\"https:\/\/vinasfm.com\/noticias\/wp-content\/uploads\/2023\/01\/IMG_8802-scaled.jpg\" alt=\"\" width=\"500\" height=\"333\" srcset=\"https:\/\/vinasfm.com\/noticias\/wp-content\/uploads\/2023\/01\/IMG_8802-scaled.jpg 2560w, https:\/\/vinasfm.com\/noticias\/wp-content\/uploads\/2023\/01\/IMG_8802-300x200.jpg 300w, https:\/\/vinasfm.com\/noticias\/wp-content\/uploads\/2023\/01\/IMG_8802-1024x683.jpg 1024w, https:\/\/vinasfm.com\/noticias\/wp-content\/uploads\/2023\/01\/IMG_8802-768x512.jpg 768w, https:\/\/vinasfm.com\/noticias\/wp-content\/uploads\/2023\/01\/IMG_8802-1536x1024.jpg 1536w, https:\/\/vinasfm.com\/noticias\/wp-content\/uploads\/2023\/01\/IMG_8802-2048x1365.jpg 2048w\" sizes=\"auto, (max-width: 500px) 100vw, 500px\" \/><\/a><\/p>\n<\/div>\n<\/div>\n<\/div>\n<\/div>\n<\/div>\n<\/div>\n","protected":false},"excerpt":{"rendered":"<p>La joven fue coronada en una fiesta realizada en la Plaza Manuel Belgrano, frente a una gran cantidad de p\u00fablico. La &#8230;<\/p>\n","protected":false},"author":7,"featured_media":117861,"comment_status":"open","ping_status":"open","sticky":false,"template":"","format":"standard","meta":{"footnotes":""},"categories":[5,25],"tags":[],"class_list":["post-117860","post","type-post","status-publish","format-standard","has-post-thumbnail","hentry","category-actualidad","category-vendimia"],"_links":{"self":[{"href":"https:\/\/vinasfm.com\/noticias\/wp-json\/wp\/v2\/posts\/117860","targetHints":{"allow":["GET"]}}],"collection":[{"href":"https:\/\/vinasfm.com\/noticias\/wp-json\/wp\/v2\/posts"}],"about":[{"href":"https:\/\/vinasfm.com\/noticias\/wp-json\/wp\/v2\/types\/post"}],"author":[{"embeddable":true,"href":"https:\/\/vinasfm.com\/noticias\/wp-json\/wp\/v2\/users\/7"}],"replies":[{"embeddable":true,"href":"https:\/\/vinasfm.com\/noticias\/wp-json\/wp\/v2\/comments?post=117860"}],"version-history":[{"count":1,"href":"https:\/\/vinasfm.com\/noticias\/wp-json\/wp\/v2\/posts\/117860\/revisions"}],"predecessor-version":[{"id":117865,"href":"https:\/\/vinasfm.com\/noticias\/wp-json\/wp\/v2\/posts\/117860\/revisions\/117865"}],"wp:featuredmedia":[{"embeddable":true,"href":"https:\/\/vinasfm.com\/noticias\/wp-json\/wp\/v2\/media\/117861"}],"wp:attachment":[{"href":"https:\/\/vinasfm.com\/noticias\/wp-json\/wp\/v2\/media?parent=117860"}],"wp:term":[{"taxonomy":"category","embeddable":true,"href":"https:\/\/vinasfm.com\/noticias\/wp-json\/wp\/v2\/categories?post=117860"},{"taxonomy":"post_tag","embeddable":true,"href":"https:\/\/vinasfm.com\/noticias\/wp-json\/wp\/v2\/tags?post=117860"}],"curies":[{"name":"wp","href":"https:\/\/api.w.org\/{rel}","templated":true}]}}