{"id":117848,"date":"2023-01-13T10:50:42","date_gmt":"2023-01-13T13:50:42","guid":{"rendered":"https:\/\/vinasfm.com\/noticias\/?p=117848"},"modified":"2023-01-16T12:25:00","modified_gmt":"2023-01-16T15:25:00","slug":"juan-manuel-ojeda-le-respondio-al-delegado-de-vialidad-nacional-por-el-estado-de-las-rutas-en-malargue","status":"publish","type":"post","link":"https:\/\/vinasfm.com\/noticias\/juan-manuel-ojeda-le-respondio-al-delegado-de-vialidad-nacional-por-el-estado-de-las-rutas-en-malargue\/","title":{"rendered":"JUAN MANUEL OJEDA LE RESPONDI\u00d3 AL DELEGADO DE VIALIDAD NACIONAL POR EL ESTADO DE LAS RUTAS EN MALARG\u00dcE"},"content":{"rendered":"<h4>El intendente de Malarg\u00fce, Juan Manuel Ojeda, dijo que las afirmaciones del jefe del 4\u00b0 Distrito de Vialidad son \u00abtemerarias\u00bb y lo acus\u00f3 de visitar su departamento \u00abs\u00f3lo para hacer pol\u00edtica partidaria\u00bb. Detalles de un enfrentamiento a cielo abierto<\/h4>\n<p><strong>El intendente de Malarg\u00fce, Juan Manuel Ojeda<\/strong>, no se qued\u00f3 callado tras las cr\u00edticas que recibi\u00f3 por parte del jefe del 4\u00b0 Distrito de Vialidad Nacional,\u00a0<strong>Guillermo Amstutz<\/strong>, y sali\u00f3 a confrontarlo y a acusarlo de visitar el departamento sure\u00f1o\u00a0<strong>\u00abS\u00f3lo para hacer pol\u00edtica partidaria\u00bb<\/strong>.<\/p>\n<p>La relaci\u00f3n\u00a0<strong>viene caliente<\/strong>\u00a0porque el jefe comunal hizo durante las \u00faltimas jornadas airados reclamos, entre otras cosas, por el\u00a0<strong>estado de la ruta 40<\/strong>; a lo que Amstutz -indignado- ha respondido que el malarg\u00fcino\u00a0<strong>\u00abtendr\u00e1 que hacerse cargo por lo que expresa ante los micr\u00f3fonos\u00bb<\/strong>.<\/p>\n<h2>Las quejas de Ojeda sobre la gesti\u00f3n de Amstutz<\/h2>\n<p>El jueves, Ojeda se\u00f1al\u00f3: \u00abEl delegado de Vialidad es alguien que viene a Malarg\u00fce s\u00f3lo para hacer pol\u00edtica partidaria y que no hace nada por solucionar\u00a0<strong>problemas de todo tipo en las rutas nacionales del departamento<\/strong>\u00ab.<\/p>\n<p>\u00abNos gustar\u00eda -sigui\u00f3- que el se\u00f1or Amstutz venga y vea todo lo que tiene pendiente por aqu\u00ed. Por ejemplo, que mire la\u00a0<strong>ruta 40 desde calle Newbery hasta el puente sobre el R\u00edo Malarg\u00fce<\/strong>; puente que est\u00e1 muy mal, sin mantenimiento, sin cuidados ni iluminaci\u00f3n\u00bb<\/p>\n<h2>Las rutas de Malarg\u00fce y el rol de Vialidad Nacional<\/h2>\n<p>Luego, Ojeda acus\u00f3 al funcionario nacional de no haber cumplido \u00abcon el puente, con el tramo anterior y mucho menos con el mantenimiento hasta Bardas Blancas.\u00a0<strong>Tampoco cumpli\u00f3 con los puesteros<\/strong>\u00a0a quienes les prometi\u00f3 colocar alambrados para evitar cruces de animales\u00bb.<\/p>\n<p>En\u00a0<strong>un hilo de Twitter<\/strong>, el referente de origen radical subray\u00f3 que la ruta 40 \u00abes una de las v\u00edas de comunicaci\u00f3n m\u00e1s emblem\u00e1ticas y extensas de mundo, con m\u00e1s de 5.100 kms\u00bb; aunque lament\u00f3 que\u00a0<strong>\u00abel tramo entre la ciudad de Malarg\u00fce y el l\u00edmite con Neuqu\u00e9n ha estado abandonado por mucho tiempo\u00bb<\/strong>.<\/p>\n<p>Seg\u00fan Ojeda, en 1996 la provincia de\u00a0<strong>Neuqu\u00e9n\u00a0<\/strong>se propuso -y logr\u00f3- pavimentar los 150 kil\u00f3metros pendientes entre Chos Malal y Barrancas, contando con la totalidad de la ruta pavimentada en esa provincia.\u00a0<strong>No es el caso de Mendoza<\/strong>.<\/p>\n<p>Entre la andanada de cr\u00edticas, el intendente sure\u00f1o\u00a0<strong>le enrostr\u00f3 a Amstutz<\/strong>\u00a0que cuando esta semana un fen\u00f3meno natural<strong>\u00a0alter\u00f3 el funcionamiento de un puente<\/strong>\u00a0sobre la 40, fueron \u00ablos malarg\u00fcinos de bien\u00bb quienes \u00abtrabajamos unidos para resolver el problema lo antes posible\u00bb.<\/p>\n<p>Y, en ese sentido, acus\u00f3 al delegado de Vialidad de\u00a0<strong>haberse atribuido la resoluci\u00f3n del problema<\/strong>. \u00bb\u00a0El Ingeniero Guillermo Amstutz, a 400 km, quiso ganarse -a partir del trabajo conjunto realizado aqu\u00ed- una &#8216;estrellita&#8217; como militante del mes en el Partido Justicialista\u00bb, chicane\u00f3 Ojeda.<\/p>\n<p>&nbsp;<\/p>\n","protected":false},"excerpt":{"rendered":"<p>El intendente de Malarg\u00fce, Juan Manuel Ojeda, dijo que las afirmaciones del jefe del 4\u00b0 Distrito de Vialidad son \u00abtemerarias\u00bb y &#8230;<\/p>\n","protected":false},"author":7,"featured_media":89901,"comment_status":"open","ping_status":"open","sticky":false,"template":"","format":"standard","meta":{"footnotes":""},"categories":[5,79],"tags":[],"class_list":["post-117848","post","type-post","status-publish","format-standard","has-post-thumbnail","hentry","category-actualidad","category-vialidad"],"_links":{"self":[{"href":"https:\/\/vinasfm.com\/noticias\/wp-json\/wp\/v2\/posts\/117848","targetHints":{"allow":["GET"]}}],"collection":[{"href":"https:\/\/vinasfm.com\/noticias\/wp-json\/wp\/v2\/posts"}],"about":[{"href":"https:\/\/vinasfm.com\/noticias\/wp-json\/wp\/v2\/types\/post"}],"author":[{"embeddable":true,"href":"https:\/\/vinasfm.com\/noticias\/wp-json\/wp\/v2\/users\/7"}],"replies":[{"embeddable":true,"href":"https:\/\/vinasfm.com\/noticias\/wp-json\/wp\/v2\/comments?post=117848"}],"version-history":[{"count":1,"href":"https:\/\/vinasfm.com\/noticias\/wp-json\/wp\/v2\/posts\/117848\/revisions"}],"predecessor-version":[{"id":117849,"href":"https:\/\/vinasfm.com\/noticias\/wp-json\/wp\/v2\/posts\/117848\/revisions\/117849"}],"wp:featuredmedia":[{"embeddable":true,"href":"https:\/\/vinasfm.com\/noticias\/wp-json\/wp\/v2\/media\/89901"}],"wp:attachment":[{"href":"https:\/\/vinasfm.com\/noticias\/wp-json\/wp\/v2\/media?parent=117848"}],"wp:term":[{"taxonomy":"category","embeddable":true,"href":"https:\/\/vinasfm.com\/noticias\/wp-json\/wp\/v2\/categories?post=117848"},{"taxonomy":"post_tag","embeddable":true,"href":"https:\/\/vinasfm.com\/noticias\/wp-json\/wp\/v2\/tags?post=117848"}],"curies":[{"name":"wp","href":"https:\/\/api.w.org\/{rel}","templated":true}]}}