{"id":117825,"date":"2023-01-12T09:19:00","date_gmt":"2023-01-12T12:19:00","guid":{"rendered":"https:\/\/vinasfm.com\/noticias\/?p=117825"},"modified":"2023-01-13T10:16:29","modified_gmt":"2023-01-13T13:16:29","slug":"pronostico-del-tiempo-en-mendoza-se-aproxima-una-nueva-onda-de-calor","status":"publish","type":"post","link":"https:\/\/vinasfm.com\/noticias\/pronostico-del-tiempo-en-mendoza-se-aproxima-una-nueva-onda-de-calor\/","title":{"rendered":"PRON\u00d3STICO DEL TIEMPO EN MENDOZA: SE APROXIMA UNA NUEVA ONDA DE CALOR"},"content":{"rendered":"<h4><strong>El meteor\u00f3logo\u00a0Federico Norte\u00a0anticip\u00f3 que se viene una\u00a0nueva onda de calor\u00a0que siempre aparece en enero y se registra en las estad\u00edsticas. Para este jueves, el\u00a0pron\u00f3stico del tiempo en Mendoza indica descenso de la temperatura y tiempo inestable<\/strong><\/h4>\n<p>Federico Norte coment\u00f3 que ya se est\u00e1<strong><em> \u00abObservando<\/em> la onda de calor climatol\u00f3gica que siempre aparece entre el 20 y el 30 de enero, es la que se registra en las estad\u00edsticas\u00bb<\/strong>. Y agreg\u00f3: <em><strong>\u00abEn este caso vemos que\u00a0se dar\u00e1 entre el 18 y el 22 de enero\u00a0y vamos a tener una nueva onda de calor con\u00a0m\u00ednimas altas\u00a0y\u00a0m\u00e1ximas que van a orillar los 39 o 40 grados\u00bb.<\/strong><\/em><\/p>\n<p>De cara al fin de semana, Norte dijo que el viernes <em><strong>\u00abLas condiciones mejoran con una m\u00ednima agradable de 16 o 17 gados por una m\u00e1xima de 32 o 33 grados con nubosidad variable\u00bb<\/strong><\/em><\/p>\n<p><em><strong>\u00abEl s\u00e1bado sube la temperatura, va a estar caluroso con 19 o 20 grados de m\u00ednima por 35 o 36 grados de m\u00e1xima. El domingo tendremos m\u00ednimas elevadas entre 20 o 21 grados por 31 grados de m\u00e1xima porque nuevamente va haber inestabilidad con nubosidad abundante y variada\u00bb<\/strong><\/em><\/p>\n<p>&nbsp;<\/p>\n","protected":false},"excerpt":{"rendered":"<p>El meteor\u00f3logo\u00a0Federico Norte\u00a0anticip\u00f3 que se viene una\u00a0nueva onda de calor\u00a0que siempre aparece en enero y se registra en las estad\u00edsticas. Para &#8230;<\/p>\n","protected":false},"author":7,"featured_media":6787,"comment_status":"open","ping_status":"open","sticky":false,"template":"","format":"standard","meta":{"footnotes":""},"categories":[5,17],"tags":[],"class_list":["post-117825","post","type-post","status-publish","format-standard","has-post-thumbnail","hentry","category-actualidad","category-clima"],"_links":{"self":[{"href":"https:\/\/vinasfm.com\/noticias\/wp-json\/wp\/v2\/posts\/117825","targetHints":{"allow":["GET"]}}],"collection":[{"href":"https:\/\/vinasfm.com\/noticias\/wp-json\/wp\/v2\/posts"}],"about":[{"href":"https:\/\/vinasfm.com\/noticias\/wp-json\/wp\/v2\/types\/post"}],"author":[{"embeddable":true,"href":"https:\/\/vinasfm.com\/noticias\/wp-json\/wp\/v2\/users\/7"}],"replies":[{"embeddable":true,"href":"https:\/\/vinasfm.com\/noticias\/wp-json\/wp\/v2\/comments?post=117825"}],"version-history":[{"count":2,"href":"https:\/\/vinasfm.com\/noticias\/wp-json\/wp\/v2\/posts\/117825\/revisions"}],"predecessor-version":[{"id":117845,"href":"https:\/\/vinasfm.com\/noticias\/wp-json\/wp\/v2\/posts\/117825\/revisions\/117845"}],"wp:featuredmedia":[{"embeddable":true,"href":"https:\/\/vinasfm.com\/noticias\/wp-json\/wp\/v2\/media\/6787"}],"wp:attachment":[{"href":"https:\/\/vinasfm.com\/noticias\/wp-json\/wp\/v2\/media?parent=117825"}],"wp:term":[{"taxonomy":"category","embeddable":true,"href":"https:\/\/vinasfm.com\/noticias\/wp-json\/wp\/v2\/categories?post=117825"},{"taxonomy":"post_tag","embeddable":true,"href":"https:\/\/vinasfm.com\/noticias\/wp-json\/wp\/v2\/tags?post=117825"}],"curies":[{"name":"wp","href":"https:\/\/api.w.org\/{rel}","templated":true}]}}