{"id":117819,"date":"2023-01-12T10:18:27","date_gmt":"2023-01-12T13:18:27","guid":{"rendered":"https:\/\/vinasfm.com\/noticias\/?p=117819"},"modified":"2023-01-13T11:43:37","modified_gmt":"2023-01-13T14:43:37","slug":"el-granizo-causo-un-desastre-en-medrano-y-otros-distritos-del-este","status":"publish","type":"post","link":"https:\/\/vinasfm.com\/noticias\/el-granizo-causo-un-desastre-en-medrano-y-otros-distritos-del-este\/","title":{"rendered":"EL GRANIZO CAUS\u00d3 UN DESASTRE EN MEDRANO Y OTROS DISTRITOS DEL ESTE"},"content":{"rendered":"<p><strong>La tormenta de granizo\u00a0<\/strong>que afect\u00f3 este mi\u00e9rcoles por la noche a varios distritos del Este provincial caus\u00f3 un verdadero destrozo en zonas urbanas y rurales.<\/p>\n<p>De acuerdo con el registro de Defensa Civil, los departamentos donde se registr\u00f3 lluvia con ca\u00edda de granizo fueron<\/p>\n<aside class=\"scaip scaip-1 \"><\/aside>\n<ul>\n<li><strong>Luj\u00e1n:<\/strong>\u00a0Carrizal de abajo.<\/li>\n<li><strong>Jun\u00edn:\u00a0<\/strong>Medrano y Barriales.<\/li>\n<li><strong>San Mart\u00edn<\/strong><\/li>\n<li><strong>Rivadavia<\/strong>: Reducci\u00f3n, Libertad y Los Campamentos.<\/li>\n<\/ul>\n<p>Si bien el organismo provincial s\u00f3lo report\u00f3 18 novedades en Rivadavia (tres \u00e1rboles ca\u00eddos y 15 filtraciones de techo), lo cierto es que la lluvia y el granizo generaran i<strong>mportantes da\u00f1os, principalmente en zonas cultivadas de Medrano.<\/strong><\/p>\n<p>En las redes sociales, las im\u00e1genes del desastre provocado por la tormenta -que se extendi\u00f3 por casi cinco minutos- se multiplicaron.<\/p>\n<p>El vicegobernador Mario Abed, que vive en Jun\u00edn, relat\u00f3 a LVdiez que se trat\u00f3 de\u00a0<strong>\u201cuna tormenta grande, con much\u00edsimo granizo\u201d<\/strong>. Adem\u00e1s, se\u00f1al\u00f3 que se comunic\u00f3 con intendentes y productores de la zona, quienes le confirmaron que en algunas zonas\u00a0<strong>\u201clas p\u00e9rdidas son totales\u201d.<\/strong><\/p>\n<p>&nbsp;<\/p>\n","protected":false},"excerpt":{"rendered":"<p>La tormenta de granizo\u00a0que afect\u00f3 este mi\u00e9rcoles por la noche a varios distritos del Este provincial caus\u00f3 un verdadero destrozo en &#8230;<\/p>\n","protected":false},"author":7,"featured_media":117821,"comment_status":"open","ping_status":"open","sticky":false,"template":"","format":"standard","meta":{"footnotes":""},"categories":[5,10],"tags":[],"class_list":["post-117819","post","type-post","status-publish","format-standard","has-post-thumbnail","hentry","category-actualidad","category-destacadas"],"_links":{"self":[{"href":"https:\/\/vinasfm.com\/noticias\/wp-json\/wp\/v2\/posts\/117819","targetHints":{"allow":["GET"]}}],"collection":[{"href":"https:\/\/vinasfm.com\/noticias\/wp-json\/wp\/v2\/posts"}],"about":[{"href":"https:\/\/vinasfm.com\/noticias\/wp-json\/wp\/v2\/types\/post"}],"author":[{"embeddable":true,"href":"https:\/\/vinasfm.com\/noticias\/wp-json\/wp\/v2\/users\/7"}],"replies":[{"embeddable":true,"href":"https:\/\/vinasfm.com\/noticias\/wp-json\/wp\/v2\/comments?post=117819"}],"version-history":[{"count":2,"href":"https:\/\/vinasfm.com\/noticias\/wp-json\/wp\/v2\/posts\/117819\/revisions"}],"predecessor-version":[{"id":117823,"href":"https:\/\/vinasfm.com\/noticias\/wp-json\/wp\/v2\/posts\/117819\/revisions\/117823"}],"wp:featuredmedia":[{"embeddable":true,"href":"https:\/\/vinasfm.com\/noticias\/wp-json\/wp\/v2\/media\/117821"}],"wp:attachment":[{"href":"https:\/\/vinasfm.com\/noticias\/wp-json\/wp\/v2\/media?parent=117819"}],"wp:term":[{"taxonomy":"category","embeddable":true,"href":"https:\/\/vinasfm.com\/noticias\/wp-json\/wp\/v2\/categories?post=117819"},{"taxonomy":"post_tag","embeddable":true,"href":"https:\/\/vinasfm.com\/noticias\/wp-json\/wp\/v2\/tags?post=117819"}],"curies":[{"name":"wp","href":"https:\/\/api.w.org\/{rel}","templated":true}]}}