{"id":117818,"date":"2023-01-12T10:18:45","date_gmt":"2023-01-12T13:18:45","guid":{"rendered":"https:\/\/vinasfm.com\/noticias\/?p=117818"},"modified":"2023-01-14T08:45:01","modified_gmt":"2023-01-14T11:45:01","slug":"la-tajante-advertencia-del-sute-a-suarez-por-el-inicio-de-clases","status":"publish","type":"post","link":"https:\/\/vinasfm.com\/noticias\/la-tajante-advertencia-del-sute-a-suarez-por-el-inicio-de-clases\/","title":{"rendered":"LA TAJANTE ADVERTENCIA DEL SUTE A SUAREZ POR EL INICIO DE CLASES"},"content":{"rendered":"<h4><strong>La secretaria gremial de SUTE, Carina Sedano, advirti\u00f3 que si no se abr\u00edan paritarias antes del 10 de febrero peligraba el comienzo del a\u00f1o escolar en Mendoza.<\/strong><\/h4>\n<p>Pr\u00f3ximos al<strong>\u00a0inicio del a\u00f1o escolar<\/strong>,\u00a0Carina Sedano, secretaria gremial de\u00a0<strong>SUTE<\/strong>\u00a0le advirti\u00f3 a\u00a0<strong>Rodolfo Suarez<\/strong> que el normal desarrollo del ciclo lectivo est\u00e1 en riesgo si el Gobierno no se sienta en la mesa <strong>paritaria\u00a0<\/strong>y realiza una oferta que conforme a los trabajadores.<\/p>\n<p><strong><em>&#8216;En la<\/em> paritaria\u00a0que tuvimos no qued\u00f3 asentada la convocatoria para marzo. Le planteamos en el \u00faltimo d\u00eda que tuvimos reuni\u00f3n, el 16 noviembre, que antes del 10 de febrero esperamos la convocatoria para que no haya un inicio de ciclo con conflicto&#8217;<\/strong>, comenz\u00f3 expresando <strong>Sedano<\/strong>.<\/p>\n<p>En este sentido, la entrevistada se\u00f1al\u00f3 que a\u00fan no han recibido ninguna comunicaci\u00f3n formal de parte del Gobierno provincial convocando a la mesa\u00a0<strong>paritaria<\/strong>. Adem\u00e1s, agreg\u00f3 que, a pesar de que algunos gremios recibieron el a\u00f1o pasado un aumento de casi el 100%,\u00a0los trabajadores de la educaci\u00f3n en el a\u00f1o 2020 no recibieron aumentos.<\/p>\n<p><strong><em>&#8216;Tuvimos un 0% de aumento con una inflaci\u00f3n del 36%. Somos los pen\u00faltimos en los peores pagos del pa\u00eds. El 10 de diciembre empezamos una campa\u00f1a: le quedan 354 d\u00edas al gobernador para saldar esta deuda antes que cumpla su mandato. El piso promedio del<\/em> sueldo\u00a0de un docente en\u00a0Mendoza\u00a0es de 83 mil pesos&#8217;<\/strong>, se\u00f1al\u00f3.<\/p>\n<p>Con respecto a la cantidad de d\u00edas de clases establecidos, Sedano remarc\u00f3 que la cantidad de d\u00edas no est\u00e1 vinculada a la calidad educativa.<em><strong> &#8216;El a\u00f1o pasado hicimos un relevamiento, no hab\u00eda sillas ni bancos; que son cosas fundamentales para la educaci\u00f3n de los estudiantes&#8217;,<\/strong><\/em> detall\u00f3.<\/p>\n<p>Adem\u00e1s, se quej\u00f3 porque hay un grupo de estudiantes que comenzar\u00e1 las clases el 9 de febrero y que no tendr\u00e1 merienda hasta el 27, cuando se da el inicio para todos. <em><strong>&#8216;Ser\u00eda importante que desde la Direcci\u00f3n General de Escuelas revea eso&#8217;,<\/strong><\/em> dijo.<\/p>\n<p>Finalmente, Sedano volvi\u00f3 a advertir que si hasta el 10 de febrero no los convocan a\u00a0<strong>paritarias<\/strong> comenzar\u00e1n con un \u201cplan de lucha\u201d. <em><strong>&#8216;Vamos a hacer presencia en los actos p\u00fablicos, tener una carpa vendimial y realizar movilizaciones, exigiendo la reapertura de\u00a0paritaria\u00a0antes del inicio escolar. Lo estamos diciendo 45 d\u00edas antes de empezar, lo venimos avisando desde el 16 de noviembre. El Gobierno ya lo sabe, si no tenemos convocatoria ser\u00e1 el responsable de no iniciar&#8217;<\/strong><\/em>, cerr\u00f3.<\/p>\n","protected":false},"excerpt":{"rendered":"<p>La secretaria gremial de SUTE, Carina Sedano, advirti\u00f3 que si no se abr\u00edan paritarias antes del 10 de febrero peligraba el &#8230;<\/p>\n","protected":false},"author":7,"featured_media":19429,"comment_status":"open","ping_status":"open","sticky":false,"template":"","format":"standard","meta":{"footnotes":""},"categories":[5,18],"tags":[],"class_list":["post-117818","post","type-post","status-publish","format-standard","has-post-thumbnail","hentry","category-actualidad","category-educacion"],"_links":{"self":[{"href":"https:\/\/vinasfm.com\/noticias\/wp-json\/wp\/v2\/posts\/117818","targetHints":{"allow":["GET"]}}],"collection":[{"href":"https:\/\/vinasfm.com\/noticias\/wp-json\/wp\/v2\/posts"}],"about":[{"href":"https:\/\/vinasfm.com\/noticias\/wp-json\/wp\/v2\/types\/post"}],"author":[{"embeddable":true,"href":"https:\/\/vinasfm.com\/noticias\/wp-json\/wp\/v2\/users\/7"}],"replies":[{"embeddable":true,"href":"https:\/\/vinasfm.com\/noticias\/wp-json\/wp\/v2\/comments?post=117818"}],"version-history":[{"count":1,"href":"https:\/\/vinasfm.com\/noticias\/wp-json\/wp\/v2\/posts\/117818\/revisions"}],"predecessor-version":[{"id":117820,"href":"https:\/\/vinasfm.com\/noticias\/wp-json\/wp\/v2\/posts\/117818\/revisions\/117820"}],"wp:featuredmedia":[{"embeddable":true,"href":"https:\/\/vinasfm.com\/noticias\/wp-json\/wp\/v2\/media\/19429"}],"wp:attachment":[{"href":"https:\/\/vinasfm.com\/noticias\/wp-json\/wp\/v2\/media?parent=117818"}],"wp:term":[{"taxonomy":"category","embeddable":true,"href":"https:\/\/vinasfm.com\/noticias\/wp-json\/wp\/v2\/categories?post=117818"},{"taxonomy":"post_tag","embeddable":true,"href":"https:\/\/vinasfm.com\/noticias\/wp-json\/wp\/v2\/tags?post=117818"}],"curies":[{"name":"wp","href":"https:\/\/api.w.org\/{rel}","templated":true}]}}