{"id":117775,"date":"2023-01-11T08:19:06","date_gmt":"2023-01-11T11:19:06","guid":{"rendered":"https:\/\/vinasfm.com\/noticias\/?p=117775"},"modified":"2023-01-12T10:19:31","modified_gmt":"2023-01-12T13:19:31","slug":"las-colonias-munipacles-realizan-actividades-deportivas-recreativas-y-natacion","status":"publish","type":"post","link":"https:\/\/vinasfm.com\/noticias\/las-colonias-munipacles-realizan-actividades-deportivas-recreativas-y-natacion\/","title":{"rendered":"LAS COLONIAS MUNICIPALES REALIZAN ACTIVIDADES DEPORTIVAS, RECREATIVAS Y NATACI\u00d3N"},"content":{"rendered":"<h4><strong>En el Polideportivo de Ciudad, el Director de Deportes, Actividad F\u00edsica y Recreaci\u00f3n Jorge P\u00e1ez brind\u00f3 detalles sobre el funcionamiento de las colonias de verano en el Departamento.<\/strong><\/h4>\n<p><em><strong>&#8216;El balance es s\u00faper positivo, nos encontramos a mitad de temporada programando el cierre de las colonias municipales, previsto para el viernes 27 de enero en la tardecita, donde la familia de los colonos est\u00e9 presente, acompa\u00f1e a sus peque\u00f1os y pueda ver algo de todo lo compartido y aprendido durante la temporada&#8217;<\/strong><\/em> manifest\u00f3 el funcionario, haciendo referencia a la temporada de colonia.<\/p>\n<p><a href=\"https:\/\/vinasfm.com\/noticias\/wp-content\/uploads\/2023\/01\/MG_2452.jpg\"><img loading=\"lazy\" decoding=\"async\" class=\"wp-image-117778 aligncenter\" src=\"https:\/\/vinasfm.com\/noticias\/wp-content\/uploads\/2023\/01\/MG_2452.jpg\" alt=\"\" width=\"475\" height=\"267\" srcset=\"https:\/\/vinasfm.com\/noticias\/wp-content\/uploads\/2023\/01\/MG_2452.jpg 1920w, https:\/\/vinasfm.com\/noticias\/wp-content\/uploads\/2023\/01\/MG_2452-300x169.jpg 300w, https:\/\/vinasfm.com\/noticias\/wp-content\/uploads\/2023\/01\/MG_2452-1024x576.jpg 1024w, https:\/\/vinasfm.com\/noticias\/wp-content\/uploads\/2023\/01\/MG_2452-768x432.jpg 768w, https:\/\/vinasfm.com\/noticias\/wp-content\/uploads\/2023\/01\/MG_2452-1536x864.jpg 1536w, https:\/\/vinasfm.com\/noticias\/wp-content\/uploads\/2023\/01\/MG_2452-750x420.jpg 750w, https:\/\/vinasfm.com\/noticias\/wp-content\/uploads\/2023\/01\/MG_2452-1140x641.jpg 1140w\" sizes=\"auto, (max-width: 475px) 100vw, 475px\" \/><\/a><\/p>\n<p>En total hubo unos 1200 ni\u00f1os inscriptos en las colonias de General Alvear, tambi\u00e9n hubo una lista de espera, que de acuerdo se presentaron bajas se fueron invitando. <em><strong>&#8216;En Bowen hay 120 chicos por d\u00eda, en Carmensa 60. En cuanto a las colonias barriales, se han alquilado tres piletas, una para los barrios Isla Gorostiague y Costa del Atuel; otra en Barrio El Matadero, donde asisten chicos de Alvear Oeste, La Marzolina, Poste de Hierro, barrio El Toscano, Gauchos de G\u00fcemes; otra cerca al CCI, donde asisten los ni\u00f1os del barrio Soemga y San Carlos. De este modo, hemos podido llegar a todos los lugares y los peque\u00f1os est\u00e1n contentos porque todos los d\u00edas pueden estar en un medio acu\u00e1tico&#8217;<\/strong> <\/em>dijo P\u00e1ez.<\/p>\n<p><a href=\"https:\/\/vinasfm.com\/noticias\/wp-content\/uploads\/2023\/01\/IMG_2464.jpg\"><img loading=\"lazy\" decoding=\"async\" class=\"wp-image-117777 aligncenter\" src=\"https:\/\/vinasfm.com\/noticias\/wp-content\/uploads\/2023\/01\/IMG_2464.jpg\" alt=\"\" width=\"475\" height=\"267\" srcset=\"https:\/\/vinasfm.com\/noticias\/wp-content\/uploads\/2023\/01\/IMG_2464.jpg 1920w, https:\/\/vinasfm.com\/noticias\/wp-content\/uploads\/2023\/01\/IMG_2464-300x169.jpg 300w, https:\/\/vinasfm.com\/noticias\/wp-content\/uploads\/2023\/01\/IMG_2464-1024x576.jpg 1024w, https:\/\/vinasfm.com\/noticias\/wp-content\/uploads\/2023\/01\/IMG_2464-768x432.jpg 768w, https:\/\/vinasfm.com\/noticias\/wp-content\/uploads\/2023\/01\/IMG_2464-1536x864.jpg 1536w, https:\/\/vinasfm.com\/noticias\/wp-content\/uploads\/2023\/01\/IMG_2464-750x420.jpg 750w, https:\/\/vinasfm.com\/noticias\/wp-content\/uploads\/2023\/01\/IMG_2464-1140x641.jpg 1140w\" sizes=\"auto, (max-width: 475px) 100vw, 475px\" \/><\/a><\/p>\n<p>Es para destacar, que durante la colonia han realizado actividades deportivas, recreativas y de nataci\u00f3n. Los colonos han trabajado mucho en cuanto a actividad f\u00edsica, porque hay un muy buen deporte formativo en General Alvear. Adem\u00e1s, la colonia es inclusiva, ya que trabaja a la par con los chicos de la colonia de discapacidad.<\/p>\n<p><strong><em>&#8216;Pr\u00f3ximamente, vamos a trabajar la colonia de adultos, por eso quiero invitar a todas las personas mayores de 50 a\u00f1os para que sean part\u00edcipes, ya hay muchos consultando, dado que se va a realizar en Ciudad y distritos, con actividades recreativas, deportivas y nataci\u00f3n&#8217;<\/em><\/strong>, concluy\u00f3 el funcionario.<\/p>\n","protected":false},"excerpt":{"rendered":"<p>En el Polideportivo de Ciudad, el Director de Deportes, Actividad F\u00edsica y Recreaci\u00f3n Jorge P\u00e1ez brind\u00f3 detalles sobre el funcionamiento de &#8230;<\/p>\n","protected":false},"author":7,"featured_media":117777,"comment_status":"open","ping_status":"open","sticky":false,"template":"","format":"standard","meta":{"footnotes":""},"categories":[5,3],"tags":[],"class_list":["post-117775","post","type-post","status-publish","format-standard","has-post-thumbnail","hentry","category-actualidad","category-deportes"],"_links":{"self":[{"href":"https:\/\/vinasfm.com\/noticias\/wp-json\/wp\/v2\/posts\/117775","targetHints":{"allow":["GET"]}}],"collection":[{"href":"https:\/\/vinasfm.com\/noticias\/wp-json\/wp\/v2\/posts"}],"about":[{"href":"https:\/\/vinasfm.com\/noticias\/wp-json\/wp\/v2\/types\/post"}],"author":[{"embeddable":true,"href":"https:\/\/vinasfm.com\/noticias\/wp-json\/wp\/v2\/users\/7"}],"replies":[{"embeddable":true,"href":"https:\/\/vinasfm.com\/noticias\/wp-json\/wp\/v2\/comments?post=117775"}],"version-history":[{"count":3,"href":"https:\/\/vinasfm.com\/noticias\/wp-json\/wp\/v2\/posts\/117775\/revisions"}],"predecessor-version":[{"id":117791,"href":"https:\/\/vinasfm.com\/noticias\/wp-json\/wp\/v2\/posts\/117775\/revisions\/117791"}],"wp:featuredmedia":[{"embeddable":true,"href":"https:\/\/vinasfm.com\/noticias\/wp-json\/wp\/v2\/media\/117777"}],"wp:attachment":[{"href":"https:\/\/vinasfm.com\/noticias\/wp-json\/wp\/v2\/media?parent=117775"}],"wp:term":[{"taxonomy":"category","embeddable":true,"href":"https:\/\/vinasfm.com\/noticias\/wp-json\/wp\/v2\/categories?post=117775"},{"taxonomy":"post_tag","embeddable":true,"href":"https:\/\/vinasfm.com\/noticias\/wp-json\/wp\/v2\/tags?post=117775"}],"curies":[{"name":"wp","href":"https:\/\/api.w.org\/{rel}","templated":true}]}}