{"id":117730,"date":"2023-01-09T10:33:25","date_gmt":"2023-01-09T13:33:25","guid":{"rendered":"https:\/\/vinasfm.com\/noticias\/?p=117730"},"modified":"2023-01-09T10:33:25","modified_gmt":"2023-01-09T13:33:25","slug":"desde-la-delegacion-del-ministerio-de-economia-de-mendoza-aclaran-dudas-surgidas-con-respecto-a-la-ayuda-a-productores-afectados-por-heladas","status":"publish","type":"post","link":"https:\/\/vinasfm.com\/noticias\/desde-la-delegacion-del-ministerio-de-economia-de-mendoza-aclaran-dudas-surgidas-con-respecto-a-la-ayuda-a-productores-afectados-por-heladas\/","title":{"rendered":"DESDE LA DELEGACI\u00d3N DEL MINISTERIO DE ECONOM\u00cdA DE MENDOZA ACLARAN DUDAS SURGIDAS CON RESPECTO A LA AYUDA A PRODUCTORES AFECTADOS POR HELADAS"},"content":{"rendered":"<p><strong>Las ayudas comprometidas a productores afectados por las heladas no habr\u00edan colmado las expectativas, al menos en General Alvear hay quejas al respecto. A los efectos de despejar dudas, a Edgar Rodr\u00edguez, delegado del Ministerio de Econom\u00eda de la Provincia en nuestro departamento. \u201cTenemos que dividir esto en dos partes, por un lado, las ayudas comprometidas por el gobierno nacional, y por otro lo que se prometi\u00f3 desde el gobierno provincial, que han sido en definitiva medidas complementarias a lo que anunci\u00f3 el ministro Sergio Massa.<\/strong><\/p>\n<p>Con referencia a las ayudas provinciales, tengo que decir en primer lugar que el universo de gente afectada es mucho mayor. Esto es as\u00ed. En el caso del programa Recuperagro, que es un subsidio que se les da a los productores durante seis meses y equivale al 60% del valor de un salario m\u00ednimo vital y m\u00f3vil, y que se actualiza en funci\u00f3n este, nosotros comenzamos las inscripciones los primeros d\u00edas de diciembre y las primeras cuotas se abonaron en dos pagos en ese mismo mes. Ahora se va a incorporar a algunas personas que han tenido inconvenientes en la documentaci\u00f3n.<\/p>\n<p>El cupo final ser\u00e1 de mil personas comprendidas en el universo de veinte hect\u00e1reas hacia abajo. Hay solicitudes que han sido rechazadas ya que hay productores que han incorporado a dos familiares, cuando el sistema permite que adem\u00e1s de productor, sea un solo familiar; obviamente hay una persona que no va a cobrar. Tambi\u00e9n hay productores a los que cuando se les pide la inscripci\u00f3n en Afip, esta tiene un c\u00f3digo de actividad que quiz\u00e1s es comercial, y no de productor agr\u00edcola. Ah\u00ed tambi\u00e9n hay un problema. El resto de los inconvenientes son salvables; hay CBU presentados por dos personas, un titular y co-titular, y por lo tanto el gobierno no les paga porque no sabe cu\u00e1l de las dos personas es la que va a cobrar el subsidio, pero esto se puede corregir, y esas personas que han tenido esos errores se incorporar\u00e1n desde el pr\u00f3ximo pago\u201d explic\u00f3 Rodr\u00edguez.<\/p>\n<p>Con referencia los cupos, Rodr\u00edguez expres\u00f3 que \u201ccada departamento tiene el suyo. Por ejemplo, General Alvear tiene cuatrocientos, y creo que no se han cubierto todos y tendr\u00e1n un adicional de gente para incorporar, pero eso lo maneja la oficina de empleo de ese departamento, porque cada uno maneja espec\u00edficamente su cupo. En San Rafael lo maneja el Ministerio de Econom\u00eda junto con la oficina de empleo de la Municipalidad y la colaboraci\u00f3n de algunas instituciones; restan incorporar pocos productores al cupo, estimo que algo m\u00e1s de cien. Muchos de ellos ser\u00e1n los que han presentado carpetas con errores, y los est\u00e1n corrigiendo.<\/p>\n<p>Esperemos que en el pr\u00f3ximo pago ya est\u00e9n cobrando los mil productores que establece el cupo para San Rafael. Por otra parte, hay cerca de cuatro mil cupos que no han ocupado en varios departamentos; se van a redistribuir y esperemos que San Rafael pueda incorporar m\u00e1s gente. El monto que recibiremos, una vez completados los mil cupos, ser\u00e1 de treinta y cinco millones de pesos por mes. La suma de productores de nuestro medio m\u00e1s General Alvear, es poco menos de la mitad de los productores afectados en el total provincial. Hasta el doce de enero hay tiempo para corregir las carpetas con errores salvables, y el pr\u00f3ximo pago se efectuar\u00e1, estimo, a partir del veinticinco de enero\u201d cerr\u00f3 la entrevista Edgar Rodr\u00edguez.<\/p>\n","protected":false},"excerpt":{"rendered":"<p>Las ayudas comprometidas a productores afectados por las heladas no habr\u00edan colmado las expectativas, al menos en General Alvear hay quejas &#8230;<\/p>\n","protected":false},"author":7,"featured_media":114412,"comment_status":"open","ping_status":"open","sticky":false,"template":"","format":"standard","meta":{"footnotes":""},"categories":[5,10],"tags":[],"class_list":["post-117730","post","type-post","status-publish","format-standard","has-post-thumbnail","hentry","category-actualidad","category-destacadas"],"_links":{"self":[{"href":"https:\/\/vinasfm.com\/noticias\/wp-json\/wp\/v2\/posts\/117730","targetHints":{"allow":["GET"]}}],"collection":[{"href":"https:\/\/vinasfm.com\/noticias\/wp-json\/wp\/v2\/posts"}],"about":[{"href":"https:\/\/vinasfm.com\/noticias\/wp-json\/wp\/v2\/types\/post"}],"author":[{"embeddable":true,"href":"https:\/\/vinasfm.com\/noticias\/wp-json\/wp\/v2\/users\/7"}],"replies":[{"embeddable":true,"href":"https:\/\/vinasfm.com\/noticias\/wp-json\/wp\/v2\/comments?post=117730"}],"version-history":[{"count":1,"href":"https:\/\/vinasfm.com\/noticias\/wp-json\/wp\/v2\/posts\/117730\/revisions"}],"predecessor-version":[{"id":117733,"href":"https:\/\/vinasfm.com\/noticias\/wp-json\/wp\/v2\/posts\/117730\/revisions\/117733"}],"wp:featuredmedia":[{"embeddable":true,"href":"https:\/\/vinasfm.com\/noticias\/wp-json\/wp\/v2\/media\/114412"}],"wp:attachment":[{"href":"https:\/\/vinasfm.com\/noticias\/wp-json\/wp\/v2\/media?parent=117730"}],"wp:term":[{"taxonomy":"category","embeddable":true,"href":"https:\/\/vinasfm.com\/noticias\/wp-json\/wp\/v2\/categories?post=117730"},{"taxonomy":"post_tag","embeddable":true,"href":"https:\/\/vinasfm.com\/noticias\/wp-json\/wp\/v2\/tags?post=117730"}],"curies":[{"name":"wp","href":"https:\/\/api.w.org\/{rel}","templated":true}]}}