{"id":117729,"date":"2023-01-09T10:29:39","date_gmt":"2023-01-09T13:29:39","guid":{"rendered":"https:\/\/vinasfm.com\/noticias\/?p=117729"},"modified":"2023-01-10T11:44:53","modified_gmt":"2023-01-10T14:44:53","slug":"la-nueva-estrategia-de-salud-para-contener-el-aumento-de-casos-de-covid-19-en-mendoza","status":"publish","type":"post","link":"https:\/\/vinasfm.com\/noticias\/la-nueva-estrategia-de-salud-para-contener-el-aumento-de-casos-de-covid-19-en-mendoza\/","title":{"rendered":"LA NUEVA ESTRATATEGIA DE SALUD PARA CONTENER EL AUMENTO DE CASOS DE COVID-19 EN MENDOZA"},"content":{"rendered":"<h4 id=\"m34-33-35\" class=\"title newsfull__title \">La nueva estrategia de Salud para contener el aumento de casos de covid-19 en Mendoza.<\/h4>\n<p>Ana Mar\u00eda Nadal,\u00a0ministra de\u00a0<strong>Salud<\/strong>, Desarrollo Social y Deportes, en consonancia con el Consejo Federal de Salud (Cofesa), acord\u00f3 la aplicaci\u00f3n de nuevos refuerzos de la vacuna contra covid-19 tanto a ni\u00f1os y adolescentes.<\/p>\n<p>A partir de este lunes 9 de enero, se habilitan los refuerzos de vacuna covid-19 para nuevos grupos de edad:<\/p>\n<ul>\n<li>Primer refuerzo para ni\u00f1os y ni\u00f1as entre 6 meses a 2 a\u00f1os si han pasado 4 meses de la segunda dosis (total, 3 aplicaciones).<\/li>\n<li>Segundo refuerzo para ni\u00f1os a partir de los 3 a\u00f1os, siempre que hayan pasado al menos 4 meses del primer refuerzo (total, 4 aplicaciones).<\/li>\n<\/ul>\n<p>Por otro lado, se recuerda que ya se encuentra disponible para los mayores de 18 a\u00f1os el tercer refuerzo, siempre que hayan pasado 4 meses desde la aplicaci\u00f3n del segundo (total, 5 aplicaciones). Es importante recordar que los adultos mayores de 50 a\u00f1os que recibieron Sinopharm como primera y segunda dosis deben recibir una dosis adicional y los tres refuerzos (total, 6 aplicaciones).<\/p>\n<p>Un dato\u00a0a destacar es que las vacunas covid-19 se pueden coadministrar con cualquier vacuna de calendario, incluida la vacuna contra la fiebre amarilla.<\/p>\n<p>Finalmente, se recuerda que, luego de haber padecido la enfermedad, deben pasar 90 d\u00edas para aplicar la dosis de refuerzo.<\/p>\n<p>Los centros de vacunaci\u00f3n habilitados se encuentran accediendo<a href=\"https:\/\/www.mendoza.gov.ar\/salud\/vacunacion-covid-19\/\" target=\"_blank\" rel=\"noopener\">\u00a0aqu\u00ed<\/a>.<\/p>\n","protected":false},"excerpt":{"rendered":"<p>La nueva estrategia de Salud para contener el aumento de casos de covid-19 en Mendoza. Ana Mar\u00eda Nadal,\u00a0ministra de\u00a0Salud, Desarrollo Social &#8230;<\/p>\n","protected":false},"author":7,"featured_media":117731,"comment_status":"open","ping_status":"open","sticky":false,"template":"","format":"standard","meta":{"footnotes":""},"categories":[1],"tags":[],"class_list":["post-117729","post","type-post","status-publish","format-standard","has-post-thumbnail","hentry","category-fmvinas"],"_links":{"self":[{"href":"https:\/\/vinasfm.com\/noticias\/wp-json\/wp\/v2\/posts\/117729","targetHints":{"allow":["GET"]}}],"collection":[{"href":"https:\/\/vinasfm.com\/noticias\/wp-json\/wp\/v2\/posts"}],"about":[{"href":"https:\/\/vinasfm.com\/noticias\/wp-json\/wp\/v2\/types\/post"}],"author":[{"embeddable":true,"href":"https:\/\/vinasfm.com\/noticias\/wp-json\/wp\/v2\/users\/7"}],"replies":[{"embeddable":true,"href":"https:\/\/vinasfm.com\/noticias\/wp-json\/wp\/v2\/comments?post=117729"}],"version-history":[{"count":3,"href":"https:\/\/vinasfm.com\/noticias\/wp-json\/wp\/v2\/posts\/117729\/revisions"}],"predecessor-version":[{"id":117760,"href":"https:\/\/vinasfm.com\/noticias\/wp-json\/wp\/v2\/posts\/117729\/revisions\/117760"}],"wp:featuredmedia":[{"embeddable":true,"href":"https:\/\/vinasfm.com\/noticias\/wp-json\/wp\/v2\/media\/117731"}],"wp:attachment":[{"href":"https:\/\/vinasfm.com\/noticias\/wp-json\/wp\/v2\/media?parent=117729"}],"wp:term":[{"taxonomy":"category","embeddable":true,"href":"https:\/\/vinasfm.com\/noticias\/wp-json\/wp\/v2\/categories?post=117729"},{"taxonomy":"post_tag","embeddable":true,"href":"https:\/\/vinasfm.com\/noticias\/wp-json\/wp\/v2\/tags?post=117729"}],"curies":[{"name":"wp","href":"https:\/\/api.w.org\/{rel}","templated":true}]}}