{"id":117693,"date":"2023-01-06T09:07:38","date_gmt":"2023-01-06T12:07:38","guid":{"rendered":"https:\/\/vinasfm.com\/noticias\/?p=117693"},"modified":"2023-01-07T11:38:38","modified_gmt":"2023-01-07T14:38:38","slug":"el-pro-inauguro-su-sede-en-general-alvear","status":"publish","type":"post","link":"https:\/\/vinasfm.com\/noticias\/el-pro-inauguro-su-sede-en-general-alvear\/","title":{"rendered":"EL GRUPO LIBERTADOR DEL PRO INAUGUR\u00d3 SU SEDE EN GENERAL ALVEAR"},"content":{"rendered":"<h4>El grupo Libertador del PRO ya tiene sede en el departamento. Del evento participaron los Diputados Nacionales Omar de Marchi y Alvaro Martinez, la Vicepresidente Cecilia Ariet y simpatizantes. Qui\u00e9n estuvo ausente fue su Presidente Jorge De Nardi.<\/h4>\n<p>En su visita, el De Marchi dijo <em><b>&#8216;el paso de hoy es importante. Tener una sede significa tener un lugar f\u00edsico en el cual podemos convocar a los vecinos para escucharlos y a partir de all\u00ed empezar a construir al menos un programa de gobierno para los pr\u00f3ximos tiempos. Siempre hay que seguir meti\u00e9ndole para adelante.&#8217;\u00a0\u00a0<\/b><\/em>El Diputado hace visitas frecuentes al departamento, <strong><em>&#8216;es un departamento completo y eso hace que tengan un gran potencial. A esa potencia hay que ponerla en actividad para que traiga r\u00e1pidamente oportunidades&#8217;<\/em><\/strong> desarroll\u00f3.<\/p>\n<p>En nombre del PRO Alvear habl\u00f3 la Vicepresidente Cecilia Ariet, <em><strong>&#8216;bienvenidos todos aquellos que quieran y sean simpatizantes con nosotros. Es un lugar en donde vamos a plasmar ideas para que Alvear crezca, sea cada vez m\u00e1s fuerte y adem\u00e1s porque creemos que tenemos que tener un pais, una provincia y un municipio en donde las personas que trabajamos tengamos como valores la honestidad del trabajo y la libertad&#8217;.\u00a0<\/strong><\/em><\/p>\n","protected":false},"excerpt":{"rendered":"<p>El grupo Libertador del PRO ya tiene sede en el departamento. Del evento participaron los Diputados Nacionales Omar de Marchi y &#8230;<\/p>\n","protected":false},"author":7,"featured_media":117695,"comment_status":"open","ping_status":"open","sticky":false,"template":"","format":"standard","meta":{"footnotes":""},"categories":[1],"tags":[],"class_list":["post-117693","post","type-post","status-publish","format-standard","has-post-thumbnail","hentry","category-fmvinas"],"_links":{"self":[{"href":"https:\/\/vinasfm.com\/noticias\/wp-json\/wp\/v2\/posts\/117693","targetHints":{"allow":["GET"]}}],"collection":[{"href":"https:\/\/vinasfm.com\/noticias\/wp-json\/wp\/v2\/posts"}],"about":[{"href":"https:\/\/vinasfm.com\/noticias\/wp-json\/wp\/v2\/types\/post"}],"author":[{"embeddable":true,"href":"https:\/\/vinasfm.com\/noticias\/wp-json\/wp\/v2\/users\/7"}],"replies":[{"embeddable":true,"href":"https:\/\/vinasfm.com\/noticias\/wp-json\/wp\/v2\/comments?post=117693"}],"version-history":[{"count":5,"href":"https:\/\/vinasfm.com\/noticias\/wp-json\/wp\/v2\/posts\/117693\/revisions"}],"predecessor-version":[{"id":117727,"href":"https:\/\/vinasfm.com\/noticias\/wp-json\/wp\/v2\/posts\/117693\/revisions\/117727"}],"wp:featuredmedia":[{"embeddable":true,"href":"https:\/\/vinasfm.com\/noticias\/wp-json\/wp\/v2\/media\/117695"}],"wp:attachment":[{"href":"https:\/\/vinasfm.com\/noticias\/wp-json\/wp\/v2\/media?parent=117693"}],"wp:term":[{"taxonomy":"category","embeddable":true,"href":"https:\/\/vinasfm.com\/noticias\/wp-json\/wp\/v2\/categories?post=117693"},{"taxonomy":"post_tag","embeddable":true,"href":"https:\/\/vinasfm.com\/noticias\/wp-json\/wp\/v2\/tags?post=117693"}],"curies":[{"name":"wp","href":"https:\/\/api.w.org\/{rel}","templated":true}]}}