{"id":117688,"date":"2023-01-06T08:38:01","date_gmt":"2023-01-06T11:38:01","guid":{"rendered":"https:\/\/vinasfm.com\/noticias\/?p=117688"},"modified":"2023-01-07T09:52:13","modified_gmt":"2023-01-07T12:52:13","slug":"se-reprogramo-vendimia-viva","status":"publish","type":"post","link":"https:\/\/vinasfm.com\/noticias\/se-reprogramo-vendimia-viva\/","title":{"rendered":"SE REPROGRAM\u00d3 \u00abVENDIMIA VIVA\u00bb"},"content":{"rendered":"<h4><strong>Vendimia Viva es el t\u00edtulo del la edici\u00f3n 2023 en General Alvear. La grilla de eventos estaba pactada que inicie el s\u00e1bado 7 de enero pero se retras\u00f3.\u00a0<\/strong><\/h4>\n<p>La presentaci\u00f3n de la representante de San Pedro del Atuel fue reprogramada para el viernes 20 de enero, &#8216;la reina tuvo problemas personales, que puede pasar, entonces decidimos tratar de encontrar soluci\u00f3n en algunas semanas m\u00e1s&#8217; explic\u00f3 la Directora de Cultura Liana Piedrafita.<\/p>\n<p>Siendo as\u00ed, las actividades vendimiales en el Departamento comenzar\u00e1n el s\u00e1bado 14 de enero en la Plaza Manuel Belgrano con la coronaci\u00f3n de la Reina de Alvear Oeste.<\/p>\n<p><a href=\"https:\/\/vinasfm.com\/noticias\/wp-content\/uploads\/2023\/01\/323274572_707425457604373_287543668781273967_n.jpg\"><img loading=\"lazy\" decoding=\"async\" class=\" wp-image-117691 aligncenter\" src=\"https:\/\/vinasfm.com\/noticias\/wp-content\/uploads\/2023\/01\/323274572_707425457604373_287543668781273967_n.jpg\" alt=\"\" width=\"565\" height=\"565\" srcset=\"https:\/\/vinasfm.com\/noticias\/wp-content\/uploads\/2023\/01\/323274572_707425457604373_287543668781273967_n.jpg 526w, https:\/\/vinasfm.com\/noticias\/wp-content\/uploads\/2023\/01\/323274572_707425457604373_287543668781273967_n-300x300.jpg 300w, https:\/\/vinasfm.com\/noticias\/wp-content\/uploads\/2023\/01\/323274572_707425457604373_287543668781273967_n-150x150.jpg 150w, https:\/\/vinasfm.com\/noticias\/wp-content\/uploads\/2023\/01\/323274572_707425457604373_287543668781273967_n-360x360.jpg 360w\" sizes=\"auto, (max-width: 565px) 100vw, 565px\" \/><\/a><\/p>\n","protected":false},"excerpt":{"rendered":"<p>Vendimia Viva es el t\u00edtulo del la edici\u00f3n 2023 en General Alvear. La grilla de eventos estaba pactada que inicie el &#8230;<\/p>\n","protected":false},"author":7,"featured_media":117689,"comment_status":"open","ping_status":"open","sticky":false,"template":"","format":"standard","meta":{"footnotes":""},"categories":[5,25],"tags":[],"class_list":["post-117688","post","type-post","status-publish","format-standard","has-post-thumbnail","hentry","category-actualidad","category-vendimia"],"_links":{"self":[{"href":"https:\/\/vinasfm.com\/noticias\/wp-json\/wp\/v2\/posts\/117688","targetHints":{"allow":["GET"]}}],"collection":[{"href":"https:\/\/vinasfm.com\/noticias\/wp-json\/wp\/v2\/posts"}],"about":[{"href":"https:\/\/vinasfm.com\/noticias\/wp-json\/wp\/v2\/types\/post"}],"author":[{"embeddable":true,"href":"https:\/\/vinasfm.com\/noticias\/wp-json\/wp\/v2\/users\/7"}],"replies":[{"embeddable":true,"href":"https:\/\/vinasfm.com\/noticias\/wp-json\/wp\/v2\/comments?post=117688"}],"version-history":[{"count":3,"href":"https:\/\/vinasfm.com\/noticias\/wp-json\/wp\/v2\/posts\/117688\/revisions"}],"predecessor-version":[{"id":117717,"href":"https:\/\/vinasfm.com\/noticias\/wp-json\/wp\/v2\/posts\/117688\/revisions\/117717"}],"wp:featuredmedia":[{"embeddable":true,"href":"https:\/\/vinasfm.com\/noticias\/wp-json\/wp\/v2\/media\/117689"}],"wp:attachment":[{"href":"https:\/\/vinasfm.com\/noticias\/wp-json\/wp\/v2\/media?parent=117688"}],"wp:term":[{"taxonomy":"category","embeddable":true,"href":"https:\/\/vinasfm.com\/noticias\/wp-json\/wp\/v2\/categories?post=117688"},{"taxonomy":"post_tag","embeddable":true,"href":"https:\/\/vinasfm.com\/noticias\/wp-json\/wp\/v2\/tags?post=117688"}],"curies":[{"name":"wp","href":"https:\/\/api.w.org\/{rel}","templated":true}]}}