{"id":117633,"date":"2023-01-04T10:22:58","date_gmt":"2023-01-04T13:22:58","guid":{"rendered":"https:\/\/vinasfm.com\/noticias\/?p=117633"},"modified":"2023-01-05T09:59:18","modified_gmt":"2023-01-05T12:59:18","slug":"hay-demoras-de-un-mes-para-vacunarse-contra-la-fiebre-amarilla-obligatoria-para-viajar-a-brasil","status":"publish","type":"post","link":"https:\/\/vinasfm.com\/noticias\/hay-demoras-de-un-mes-para-vacunarse-contra-la-fiebre-amarilla-obligatoria-para-viajar-a-brasil\/","title":{"rendered":"HAY DEMORAS DE UN MES PARA VACUNARSE CONTRA LA FIEBRE AMARILLA, OBLIGATORIA PARA VIAJAR A BRASIL"},"content":{"rendered":"<h4><strong>Las autoridades de Sanidad de Fronteras explicaron que hay stock, pero falta infraestructura y personal.<\/strong><\/h4>\n<p>Empezaron las vacaciones y en\u00a0<strong>Mendoza se reflej\u00f3 una alta demanda para viajar a Brasil<\/strong>. Sin embargo, muchos mendocinos se encontraron con un gran obst\u00e1culo y es que\u00a0<strong>hay demoras de hasta un mes para colocarse la vacuna contra la fiebre amarilla,<\/strong>\u00a0obligatoria para ingresar a ese pa\u00eds.<\/p>\n<p>Lo cierto es que en la provincia,\u00a0<strong>las dosis\u00a0solo se colocan en dos centros asistenciales:\u00a0<\/strong>en el Centro de Salud 222 Ren\u00e9 Favaloro (en Guaymall\u00e9n) y en el Vacunatorio Central de San Rafael. Ambos pertenecen a Sanidad de Frontera y la demanda ha hecho colapsar el sistema.<\/p>\n<p><em><strong>&#8216;Tenemos stock suficiente de vacunas, pero el problema es la falta de infraestructura y personal para agilizar la colocaci\u00f3n&#8217;<\/strong><\/em>, cont\u00f3 Laura L\u00f3pez, responsable de Sanidad de Frontera de Mendoza.<\/p>\n<p>La funcionaria asegur\u00f3, adem\u00e1s, que los\u00a0<a href=\"https:\/\/turnos.argentina.gob.ar\/turnos\/seleccionTurno\/95\"><strong>turnos<\/strong><\/a>\u00a0se otorgan \u00fanicamente por la App Mi Argentina y, en este momento,\u00a0<strong>solo se est\u00e1n inscribiendo para febrero.<\/strong><\/p>\n<p>Un dato que no es menor es que, a ra\u00edz de la demanda, de tres d\u00edas de la semana que se vacunaba contra la fiebre amarilla en Guaymall\u00e9n se pas\u00f3 a cuatro, pero evidentemente no alcanza para suplir todos los turnos.<\/p>\n<h4 id=\"h-recomendaciones-a-tener-en-cuenta\">Recomendaciones a tener en cuenta<\/h4>\n<p>La\u00a0<strong>fiebre amarilla<\/strong>\u00a0se trata de\u00a0una enfermedad viral que se transmite<strong>\u00a0<\/strong>a trav\u00e9s de mosquitos hemat\u00f3fogos infectados preliminarmente con el virus, al contagiarse el cuadro puede agravarse y tiene riesgo de muerte.<\/p>\n<p>Tras la pandemia de coronavirus,\u00a0<strong>el gobierno brasile\u00f1o\u00a0exige su colocaci\u00f3n para poder ingresar al pa\u00eds,<\/strong>\u00a0antes solo exist\u00eda una recomendaci\u00f3n, sin embargo, hoy todos deben viajar con su dosis correspondiente.<\/p>\n<p><em><strong>&#8216;Se trata de una dosis \u00fanica de por vida y se aplica desde el a\u00f1o de edad&#8217;<\/strong><\/em> explic\u00f3 L\u00f3pez y agreg\u00f3 que <em><strong>&#8216;la inmunizaci\u00f3n debe haberse efectuado al menos\u00a014 d\u00edas antes de la fecha de salida&#8217;.<\/strong><\/em><\/p>\n<p>Por otro lado, es necesario tener en cuenta que la\u00a0<strong>Agencia Nacional de Vigilancia Sanitaria (Anvisa) de Brasil<\/strong>\u00a0ha advertido que \u201ctodos los turistas que arriben al vecino pa\u00eds tambi\u00e9n tienen que poseer al menos\u00a0<strong>dos dosis de la vacuna de coronavirus\u201d.\u00a0<\/strong>La exigencia, en este caso, es para todos los mayores de 12 a\u00f1os.<\/p>\n<p><strong>Los requisitos que los turistas deben cumplir a la hora de colocarse la vacuna contra la fiebre amarilla son:<\/strong><\/p>\n<ul>\n<li>Documento Nacional de Identidad.<\/li>\n<li>En caso de que tenga, credencial de obra social o prepaga.<\/li>\n<li>Carnet de vacunaci\u00f3n.<\/li>\n<li>Certificado m\u00e9dico: se solicita un certificado m\u00e9dico en caso de que el ciudadano se encuentre dentro de alg\u00fan grupo de riesgo (incluye mayores de 60 a\u00f1os).<\/li>\n<li>Antes de vacunarse hay que consultar con tu m\u00e9dico si est\u00e1 en condiciones de recibir la vacuna contra la fiebre amarilla. Existen contraindicaciones y precauciones para algunas personas.<\/li>\n<\/ul>\n","protected":false},"excerpt":{"rendered":"<p>Las autoridades de Sanidad de Fronteras explicaron que hay stock, pero falta infraestructura y personal. Empezaron las vacaciones y en\u00a0Mendoza se &#8230;<\/p>\n","protected":false},"author":7,"featured_media":103049,"comment_status":"open","ping_status":"open","sticky":false,"template":"","format":"standard","meta":{"footnotes":""},"categories":[5,15],"tags":[],"class_list":["post-117633","post","type-post","status-publish","format-standard","has-post-thumbnail","hentry","category-actualidad","category-salud"],"_links":{"self":[{"href":"https:\/\/vinasfm.com\/noticias\/wp-json\/wp\/v2\/posts\/117633","targetHints":{"allow":["GET"]}}],"collection":[{"href":"https:\/\/vinasfm.com\/noticias\/wp-json\/wp\/v2\/posts"}],"about":[{"href":"https:\/\/vinasfm.com\/noticias\/wp-json\/wp\/v2\/types\/post"}],"author":[{"embeddable":true,"href":"https:\/\/vinasfm.com\/noticias\/wp-json\/wp\/v2\/users\/7"}],"replies":[{"embeddable":true,"href":"https:\/\/vinasfm.com\/noticias\/wp-json\/wp\/v2\/comments?post=117633"}],"version-history":[{"count":1,"href":"https:\/\/vinasfm.com\/noticias\/wp-json\/wp\/v2\/posts\/117633\/revisions"}],"predecessor-version":[{"id":117634,"href":"https:\/\/vinasfm.com\/noticias\/wp-json\/wp\/v2\/posts\/117633\/revisions\/117634"}],"wp:featuredmedia":[{"embeddable":true,"href":"https:\/\/vinasfm.com\/noticias\/wp-json\/wp\/v2\/media\/103049"}],"wp:attachment":[{"href":"https:\/\/vinasfm.com\/noticias\/wp-json\/wp\/v2\/media?parent=117633"}],"wp:term":[{"taxonomy":"category","embeddable":true,"href":"https:\/\/vinasfm.com\/noticias\/wp-json\/wp\/v2\/categories?post=117633"},{"taxonomy":"post_tag","embeddable":true,"href":"https:\/\/vinasfm.com\/noticias\/wp-json\/wp\/v2\/tags?post=117633"}],"curies":[{"name":"wp","href":"https:\/\/api.w.org\/{rel}","templated":true}]}}