{"id":117629,"date":"2023-01-04T09:49:29","date_gmt":"2023-01-04T12:49:29","guid":{"rendered":"https:\/\/vinasfm.com\/noticias\/?p=117629"},"modified":"2023-01-05T09:33:36","modified_gmt":"2023-01-05T12:33:36","slug":"la-pampa-prepara-otra-embestida-contra-mendoza-ahora-por-el-baqueano","status":"publish","type":"post","link":"https:\/\/vinasfm.com\/noticias\/la-pampa-prepara-otra-embestida-contra-mendoza-ahora-por-el-baqueano\/","title":{"rendered":"LA PAMPA PREPARA OTRA EMBESTIDA CONTRA MENDOZA, AHORA POR EL BAQUEANO"},"content":{"rendered":"<h4>Tras el laudo presidencial de Portezuelo del Viento en contra de Mendoza, en La Pampa ratificaron que tambi\u00e9n se opondr\u00e1n a El Baqueano. Anticiparon que habr\u00e1 una demanda judicial.<\/h4>\n<p>Aunque ya hab\u00eda anticipado hace meses su oposici\u00f3n al proyecto hidroel\u00e9ctrico de<strong>\u00a0El Baqueano<\/strong>, por estos d\u00edas y quiz\u00e1s envalentonada\u00a0por el fallo presidencial favorable sobre Portezuelo del Viento,\u00a0La Pampa ya prepara una nueva embestida contra Mendoza.<\/p>\n<article class=\"article-body\">\n<div class=\"article-content\">\n<div class=\"cuerpo\" data-twitter-link=\"\">\n<p>Sin tregua para con nuestra provincia, el gobierno pampeano avis\u00f3 que reclamar\u00e1 lo mismo que hizo respecto de Portezuelo:\u00a0<strong>un nuevo estudio de impacto ambiental<\/strong>. Es que -dicen desde el entorno del mandatario Sergio Ziliotto- entienden que el estudio de impacto ambiental realizado por Mendoza no incluy\u00f3 a La Pampa.<\/p>\n<\/div>\n<\/div>\n<\/article>\n<article class=\"article-body third-p\">\n<div class=\"article-content\">\n<div class=\"cuerpo\" data-twitter-link=\"\">\n<p>\u00abCon el fin de Portezuelo, Mendoza acelera El Baqueano\u00a0<strong>y La Pampa se prepara para ir a la Justicia\u00bb,\u00a0<\/strong>titul\u00f3 una nota este martes el diario textual y\u00a0<strong>\u00abMendoza apura El Baqueano\u00bb\u00a0<\/strong>puso en portada el diario La Arena.<\/p>\n<p>Las publicaciones aludidas destacan la oposici\u00f3n de la vecina provincia al proyecto al que Roberto Suarez le apunt\u00f3 luego del laudo presidencial sobre Portezuelo del Viento que le result\u00f3 desfavorable al ordenar la realizaci\u00f3n de un nuevo estudio de impacto ambiental lo que en la pr\u00e1ctica echa por tierra la realizaci\u00f3n de esta obra que se iba a hacer en Malarg\u00fce.<\/p>\n<p><strong><em>&#8216;El Baqueano ya fue rechazado en m\u00e1s de una oportunidad por La Pampa e incluso se ha evaluado recurrir a la v\u00eda judicial&#8217;<\/em>, <\/strong>cont\u00f3 La Arena.<\/p>\n<p><strong><em>&#8216;Ya se anticipa una nueva pelea judicial con La Pampa. Es que nuestra provincia (La Pampa) tambi\u00e9n reclamar\u00e1 un estudio de impacto ambiental de toda la cuenca del Desaguadero. Es que el r\u00edo Diamante, donde se proyecta la represa, desembocaba antiguamente en el Desaguadero-Salado-Chadileuv\u00fa-Curac\u00f3&#8217;<\/em><\/strong>, se\u00f1al\u00f3 por su parte Textual. Justamente a ese mismo medio, el secretario de Recursos H\u00eddricos pampeano, N\u00e9stor Lastiri asegur\u00f3 que se har\u00e1 un reclamo para que se ampl\u00ede el estudio de impacto ambiental.<\/p>\n<p>El recrudecimiento de la conflictividad entre La Pampa y Mendoza se reaviv\u00f3 la semana pasada cuando se conoci\u00f3 el laudo de Alberto Fern\u00e1ndez que fue en contra de nuestra provincia y hasta result\u00f3 criticado por dirigentes del mismo espacio pol\u00edtico del Presidente, como los legisladores nacionales A<strong>nabel Fern\u00e1ndez Sagasti y Adolfo Bermejo.<\/strong><\/p>\n<p>Conocido ese fallo adverso, que orden\u00f3 el nuevo estudio de impacto ambiental, la realizaci\u00f3n de Portezuelo del Viento se desmoron\u00f3 por cuanto su realizaci\u00f3n demorar\u00eda a\u00f1os. Por eso es que se fortaleci\u00f3 la idea de volcar parte del dinero destinado\u00a0<strong>-1.023 millones de d\u00f3lares-\u00a0<\/strong>a El Baqueano. Las primeras estimaciones indican que se destinar\u00edan cerca de U$500 millones, es decir casi la mitad.\u00a0<strong>El resto podr\u00eda utilizarse para otras obras hidroel\u00e9ctricas\u00a0<\/strong>de acuerdo con el convenio que en su momento firmaron Mauricio Macri como presidente de la Naci\u00f3n y Alfredo Cornejo como gobernador de Mendoza.<\/p>\n<p>Esos fondos hab\u00edan sido reclamados primero por Arturo Lafalla por los perjucios que en los &#8217;90 sufri\u00f3 Mendoza por la promoci\u00f3n industrial dispuesta por Carlos Menem en favor de otras provincias y luego hubo un preacuerdo entre N\u00e9stor Kirchner y Julio Cobos, finalmente cristalizado por Cornejo con el agregado de\u00a0<strong>\u00abotras obras\u00bb <\/strong>lo que autom\u00e1ticamente deber\u00eda habilitar los fondos para iniciativas diferentes a Portezuelo.<\/p>\n<\/div>\n<\/div>\n<\/article>\n","protected":false},"excerpt":{"rendered":"<p>Tras el laudo presidencial de Portezuelo del Viento en contra de Mendoza, en La Pampa ratificaron que tambi\u00e9n se opondr\u00e1n a &#8230;<\/p>\n","protected":false},"author":7,"featured_media":113262,"comment_status":"open","ping_status":"open","sticky":false,"template":"","format":"standard","meta":{"footnotes":""},"categories":[5,10],"tags":[],"class_list":["post-117629","post","type-post","status-publish","format-standard","has-post-thumbnail","hentry","category-actualidad","category-destacadas"],"_links":{"self":[{"href":"https:\/\/vinasfm.com\/noticias\/wp-json\/wp\/v2\/posts\/117629","targetHints":{"allow":["GET"]}}],"collection":[{"href":"https:\/\/vinasfm.com\/noticias\/wp-json\/wp\/v2\/posts"}],"about":[{"href":"https:\/\/vinasfm.com\/noticias\/wp-json\/wp\/v2\/types\/post"}],"author":[{"embeddable":true,"href":"https:\/\/vinasfm.com\/noticias\/wp-json\/wp\/v2\/users\/7"}],"replies":[{"embeddable":true,"href":"https:\/\/vinasfm.com\/noticias\/wp-json\/wp\/v2\/comments?post=117629"}],"version-history":[{"count":1,"href":"https:\/\/vinasfm.com\/noticias\/wp-json\/wp\/v2\/posts\/117629\/revisions"}],"predecessor-version":[{"id":117631,"href":"https:\/\/vinasfm.com\/noticias\/wp-json\/wp\/v2\/posts\/117629\/revisions\/117631"}],"wp:featuredmedia":[{"embeddable":true,"href":"https:\/\/vinasfm.com\/noticias\/wp-json\/wp\/v2\/media\/113262"}],"wp:attachment":[{"href":"https:\/\/vinasfm.com\/noticias\/wp-json\/wp\/v2\/media?parent=117629"}],"wp:term":[{"taxonomy":"category","embeddable":true,"href":"https:\/\/vinasfm.com\/noticias\/wp-json\/wp\/v2\/categories?post=117629"},{"taxonomy":"post_tag","embeddable":true,"href":"https:\/\/vinasfm.com\/noticias\/wp-json\/wp\/v2\/tags?post=117629"}],"curies":[{"name":"wp","href":"https:\/\/api.w.org\/{rel}","templated":true}]}}