{"id":117625,"date":"2023-01-04T09:30:42","date_gmt":"2023-01-04T12:30:42","guid":{"rendered":"https:\/\/vinasfm.com\/noticias\/?p=117625"},"modified":"2023-01-05T09:07:41","modified_gmt":"2023-01-05T12:07:41","slug":"la-cuenta-regresiva-para-que-los-intendentes-del-pj-adelanten-elecciones","status":"publish","type":"post","link":"https:\/\/vinasfm.com\/noticias\/la-cuenta-regresiva-para-que-los-intendentes-del-pj-adelanten-elecciones\/","title":{"rendered":"LA CUENTA REGRESIVA PARA QUE LOS INTENDENTES DEL PJ ADELANTEN ELECCIONES"},"content":{"rendered":"<h4><strong>En las pr\u00f3ximas semanas se definir\u00e1 si las comunas comandadas por el peronismo desdoblar\u00e1n sus comicios municipales de la elecci\u00f3n a gobernador. Esta decisi\u00f3n anticipar\u00e1 el clima electoral a nivel provincial, con la entrada en vigencia de los plazos del cronograma electoral.<\/strong><\/h4>\n<p>El\u00a0<strong>2023\u00a0<\/strong>ser\u00e1 un a\u00f1o marcado pol\u00edticamente por las\u00a0<strong>elecciones<\/strong>, un tema que estar\u00e1 instalado en la agenda p\u00fablica provincial desde enero. El gobernador\u00a0<strong>Rodolfo Suarez<\/strong>\u00a0ya confirm\u00f3 que los comicios provinciales ser\u00e1n desdoblados de los nacionales, sin embargo, resta definir qu\u00e9 suceder\u00e1 a nivel municipal. La posibilidad de que los intendentes del\u00a0<strong>Frente de Todos\u00a0<\/strong>adelanten sus elecciones cada vez es m\u00e1s concreta y la definici\u00f3n tendr\u00e1 lugar a finales de este mes.<\/p>\n<p>Los seis jefes comunales peronistas analizan despegar la votaci\u00f3n de intendente y concejales en sus departamentos de la elecci\u00f3n a gobernador, como parte de una estrategia pol\u00edtica para aumentar las posibilidades de triunfo en el pago chico.<\/p>\n<p>Algunos de ellos lo han manifestado abiertamente, como el caso de la intendenta de Santa Rosa,\u00a0<strong>Flor Dest\u00e9fanis<\/strong>, quien resalt\u00f3 que anticipar comicios municipales permitir\u00e1 al elector diferenciar qu\u00e9 se vota. Asimismo, el intendente de San Rafael,\u00a0<strong>Emir F\u00e9lix<\/strong>, tambi\u00e9n estudia esta posibilidad de adelantamiento, lo que gener\u00f3 cortocircuitos con el radicalismo semanas atr\u00e1s. Pero adem\u00e1s, esta determinaci\u00f3n electoral tambi\u00e9n est\u00e1 en la mente de los jefes comunales\u00a0<strong>Mat\u00edas Stevanato<\/strong>\u00a0(Maip\u00fa),\u00a0<strong>Mart\u00edn Aveiro\u00a0<\/strong>(Tunuy\u00e1n),<strong>\u00a0Fernando Ubieta<\/strong>\u00a0(La Paz) y\u00a0<strong>Roberto Righi\u00a0<\/strong>(Lavalle).<\/p>\n<p>Righi, Aveiro y F\u00e9lix no tienen la posibilidad de ir por una nueva reelecci\u00f3n, por lo que buscar\u00e1n garantizar la continuidad de un sucesor al frente de las intendencias. Por su parte, Ubieta, Dest\u00e9fanis y Stevanato apuntan a conseguir un segundo\u00a0mandato en sus comunas.<\/p>\n<p>Si los municipios gobernados por el Partido Justicialista (PJ) deciden desdoblar sus comicios o unificarlos con los de gobernador se resolver\u00e1 en los \u00faltimos d\u00edas de enero. La legislaci\u00f3n electoral provincial establece que la \u201cla convocatoria a elecciones primarias deber\u00e1 realizarla el Poder Ejecutivo Provincial y\/o Municipal con una antelaci\u00f3n no menor a los noventa (90) d\u00edas corridos previos a su realizaci\u00f3n\u201d. Al mismo tiempo, la normativa determina que las elecciones PASO deben celebrarse el \u00faltimo domingo del mes de abril.<\/p>\n<p>Teniendo en cuenta estas fechas y plazos, las primarias en los departamentos que desdoblen se realizar\u00e1n el 30 de abril. Por lo que los intendentes tienen tiempo hasta el 30 de enero para oficializar la decisi\u00f3n de concurrir a las urnas de forma separada de la provincia.<\/p>\n<p>Esta iniciativa no solamente impactar\u00e1 en las comunas sino que tambi\u00e9n tendr\u00e1 una repercusi\u00f3n pol\u00edtica a nivel provincial, ya que anticipar\u00e1 plazos para definici\u00f3n de alianzas entre partidos y lanzamientos de candidaturas de dirigentes para distintos cargos electivos.<\/p>\n<p>Esto se da a ra\u00edz de que luego del adelantamiento de los comicios municipales, comenzar\u00e1n a correr los plazos previstos en el cronograma electoral. Uno de los m\u00e1s importantes es el de la inscripci\u00f3n de las alianzas entre fuerzas pol\u00edticas.<\/p>\n<p>El tiempo se\u00f1alado en la Ley de Partidos Pol\u00edticos para la definici\u00f3n de las alianzas es de 60 d\u00edas antes de las PASO. Por lo que en los departamentos que desdoblen el 1 de marzo se conocer\u00e1 la oferta electoral que habr\u00e1 en cada comuna y qu\u00e9 partidos pol\u00edticos compartir\u00e1n coalici\u00f3n.<\/p>\n<p>Esto tendr\u00e1 una importante relevancia a nivel provincial ya que los acuerdos electorales que se hagan a nivel municipal seguramente ser\u00e1n los que se repliquen para los comicios de gobernador.<\/p>\n<p>Uno de los interrogantes del pr\u00f3ximo proceso electoral est\u00e1 puesto en la continuidad de\u00a0<strong>Cambia Mendoza\u00a0<\/strong>con todos sus integrantes, a partir de los conflictos internos entre la UCR y el PRO. Los desdoblamientos del\u00a0<strong>PJ\u00a0<\/strong>podr\u00edan anticipar las discusiones y negociaciones entre estas fuerzas para determinar la permanencia de la alianza.<\/p>\n<p>Por otra parte, el 6 de marzo, es decir 55 d\u00edas antes de las primarias, las agrupaciones pol\u00edticas deber\u00e1n registrar ante la Junta Electoral Provincial el s\u00edmbolo partidario y la denominaci\u00f3n que los identificar\u00e1 durante el proceso electivo primario.<\/p>\n<p>En tanto, 50 d\u00edas antes de las PASO, es decir el s\u00e1bado 11 de marzo, vence el plazo para la presentaci\u00f3n de listas de precandidatos ante la Junta Electoral de cada agrupaci\u00f3n. Para esa fecha se conocer\u00e1n los precandidatos a intendentes y concejales que competir\u00e1n en las comunas que eventualmente desdoblen sus comicios.<\/p>\n<p>Vale recordar que este a\u00f1o se implementar\u00e1 por primera vez la boleta \u00fanica en la provincia, que fue establecida por ley a comienzos del 2022. Es decir que en las primarias municipales adelantadas podr\u00eda debutar esta modalidad.<\/p>\n<p>En tanto, el financiamiento del proceso electoral en cada comuna ser\u00e1 asumido por el municipio que dedoble. Al momento de la convocatoria a elecciones, el Poder Ejecutivo Departamental deber\u00e1 convenir con la Junta Electoral de la Provincia el momento de la convocatoria a elecciones, el Poder Ejecutivo Departamental deber\u00e1 convenir con la Junta Electoral de la Provincia el modo de integraci\u00f3n del costo de la elecci\u00f3n que la Autoridad de Aplicaci\u00f3n Electoral le determine.<\/p>\n","protected":false},"excerpt":{"rendered":"<p>En las pr\u00f3ximas semanas se definir\u00e1 si las comunas comandadas por el peronismo desdoblar\u00e1n sus comicios municipales de la elecci\u00f3n a &#8230;<\/p>\n","protected":false},"author":7,"featured_media":117626,"comment_status":"open","ping_status":"open","sticky":false,"template":"","format":"standard","meta":{"footnotes":""},"categories":[5,7],"tags":[],"class_list":["post-117625","post","type-post","status-publish","format-standard","has-post-thumbnail","hentry","category-actualidad","category-politica"],"_links":{"self":[{"href":"https:\/\/vinasfm.com\/noticias\/wp-json\/wp\/v2\/posts\/117625","targetHints":{"allow":["GET"]}}],"collection":[{"href":"https:\/\/vinasfm.com\/noticias\/wp-json\/wp\/v2\/posts"}],"about":[{"href":"https:\/\/vinasfm.com\/noticias\/wp-json\/wp\/v2\/types\/post"}],"author":[{"embeddable":true,"href":"https:\/\/vinasfm.com\/noticias\/wp-json\/wp\/v2\/users\/7"}],"replies":[{"embeddable":true,"href":"https:\/\/vinasfm.com\/noticias\/wp-json\/wp\/v2\/comments?post=117625"}],"version-history":[{"count":1,"href":"https:\/\/vinasfm.com\/noticias\/wp-json\/wp\/v2\/posts\/117625\/revisions"}],"predecessor-version":[{"id":117627,"href":"https:\/\/vinasfm.com\/noticias\/wp-json\/wp\/v2\/posts\/117625\/revisions\/117627"}],"wp:featuredmedia":[{"embeddable":true,"href":"https:\/\/vinasfm.com\/noticias\/wp-json\/wp\/v2\/media\/117626"}],"wp:attachment":[{"href":"https:\/\/vinasfm.com\/noticias\/wp-json\/wp\/v2\/media?parent=117625"}],"wp:term":[{"taxonomy":"category","embeddable":true,"href":"https:\/\/vinasfm.com\/noticias\/wp-json\/wp\/v2\/categories?post=117625"},{"taxonomy":"post_tag","embeddable":true,"href":"https:\/\/vinasfm.com\/noticias\/wp-json\/wp\/v2\/tags?post=117625"}],"curies":[{"name":"wp","href":"https:\/\/api.w.org\/{rel}","templated":true}]}}