{"id":117607,"date":"2023-01-03T11:41:46","date_gmt":"2023-01-03T14:41:46","guid":{"rendered":"https:\/\/vinasfm.com\/noticias\/?p=117607"},"modified":"2023-01-03T11:43:23","modified_gmt":"2023-01-03T14:43:23","slug":"2023-mucho-mas-que-un-ano-electoral","status":"publish","type":"post","link":"https:\/\/vinasfm.com\/noticias\/2023-mucho-mas-que-un-ano-electoral\/","title":{"rendered":"2023: MUCHO M\u00c1S QUE UN A\u00d1O ELECTORAL"},"content":{"rendered":"<h4 style=\"font-weight: 400;\"><strong>Nota de opini\u00f3n de la Senadora Provincial, Claudia Najul.\u00a0<\/strong><\/h4>\n<p style=\"font-weight: 400;\">\u00abTermin\u00f3 un a\u00f1o intenso y complejo por donde se lo mire. Est\u00e1 comenzando otro que sin ninguna duda ser\u00e1 un punto de inflexi\u00f3n en la historia reciente del pa\u00eds. Estas l\u00edneas pretenden ser una invitaci\u00f3n a la reflexi\u00f3n entre tanto ruido; para analizar con sensatez el panorama es necesario para la pelota y pensar los pasos a seguir.<\/p>\n<p style=\"font-weight: 400;\">La campa\u00f1a comenz\u00f3 hace rato. M\u00e1s all\u00e1 de los plazos previstos en las leyes electorales, est\u00e1 claro que en este 2023 las principales fuerzas pol\u00edticas y sus referentes se juegan mucho. \u00bfQu\u00e9 tiene entonces de especial este momento, si los argentinos estamos tristemente acostumbrados a vivir en una vor\u00e1gine pol\u00edtica permanente?<\/p>\n<p style=\"font-weight: 400;\">Ac\u00e1 viene el primer punto importante del an\u00e1lisis. El hartazgo social es un factor determinante en el escenario actual. Las frustraciones acumuladas durante tanto tiempo, el impacto feroz de la inflaci\u00f3n en los bolsillos de trabajadores informales y desempleados, y la falta de oportunidades para los j\u00f3venes, configuran un c\u00f3ctel explosivo que muchos no advierten.<\/p>\n<p style=\"font-weight: 400;\">En otras palabras, ya no hay margen para seguir administrando decadencia. La conflictividad social y la desesperanza cotizan en alza (las manifestaciones recurrentes en los \u00faltimos meses dan cuenta de ello). Tenemos una sociedad que dijo basta a la naturalizaci\u00f3n de la pobreza estructural. Que quiere mejorar su calidad de vida. Que quiere, y merece, progresar.<\/p>\n<p style=\"font-weight: 400;\">Los interrogantes que siguen no sorprenden a nadie. La dirigencia, \u00bfest\u00e1 a la altura de las circunstancias? \u00bfCu\u00e1l es la fuerza pol\u00edtica mejor preparada para liderar la transformaci\u00f3n de un pa\u00eds desigual, pobre y atravesado por profundas contradicciones?<\/p>\n<p style=\"font-weight: 400;\">Del oficialismo, consumido por internas y obsesionado con maniatar a la Justicia para conseguir impunidad, no podemos esperar nada en el a\u00f1o que le queda de mandato. Alberto Fern\u00e1ndez, el presidente que rebaj\u00f3 la investidura a niveles in\u00e9ditos, decidi\u00f3 comenzar el 2023 con un pedido de juicio pol\u00edtico a la Corte que no tiene sustentaci\u00f3n jur\u00eddica ni chances pol\u00edticas de prosperar.<\/p>\n<p style=\"font-weight: 400;\">Es la oposici\u00f3n republicana quien tiene la responsabilidad y la oportunidad de hacerse cargo de este momento crucial en una Argentina que, si no se integra estrat\u00e9gicamente al mundo, caer\u00e1 en un pozo de irrelevancia en el campo internacional que traer\u00e1 severas consecuencias.<\/p>\n<p style=\"font-weight: 400;\">La realidad impone el programa de gobierno. A partir de all\u00ed debe estructurarse la oferta pol\u00edtica. El \u00edndice de pobreza supera el 43%. El 48,6% de ni\u00f1os y j\u00f3venes que viven en barrios populares sufren malnutrici\u00f3n y cuatro de cada diez dejaron de ingerir una de las cuatro comidas diarias. Estos datos elocuentes, que nos llenan de bronca e impotencia, marcan el rumbo que debe seguir el pr\u00f3ximo gobierno para salir adelante.<\/p>\n<p style=\"font-weight: 400;\">El cambio pol\u00edtico que necesita la Argentina debe priorizar, desde el primer momento, a los m\u00e1s desfavorecidos despu\u00e9s de a\u00f1os de pol\u00edticas sociales mal formuladas y a\u00fan peor implementadas. Si no garantizamos condiciones dignas para nacer y desarrollarse, cualquier debate te\u00f3rico sobre populismo o neoliberalismo carece de sentido.<\/p>\n<p style=\"font-weight: 400;\">En este a\u00f1o complejo, y plagado de citas electorales, va a sacar ventaja la fuerza pol\u00edtica que acuse recibo de que esto no es una carrera a la Casa Rosada, sino un desaf\u00edo de futuro, el m\u00e1s importante desde la recuperaci\u00f3n de la democracia en 1983. La pobreza infantil, la desigualdad social y el atraso del sistema educativo son los tres ejes principales que debe incluir una propuesta de gobierno moderna y sensata.<\/p>\n<p style=\"font-weight: 400;\">De administrar decadencia a transformar de ra\u00edz: ese es el cambio fundamental que necesita la Argentina. Romper con el vicio de discutir sobre el pasado y ponernos manos a la obra con el futuro de las nuevas generaciones. M\u00e1s all\u00e1 de las lealtades pol\u00edticas de cada persona, tenemos la obligaci\u00f3n moral de darlo todo para salir delante de una vez y para siempre\u00bb.<\/p>\n<h3 style=\"text-align: right;\"><strong>Claudia Najul<\/strong><\/h3>\n<h3 style=\"text-align: right;\"><strong>Senadora Provincial<\/strong><\/h3>\n<h3 style=\"text-align: right;\"><strong>Cambia Mendoza<\/strong><\/h3>\n","protected":false},"excerpt":{"rendered":"<p>Nota de opini\u00f3n de la Senadora Provincial, Claudia Najul.\u00a0 \u00abTermin\u00f3 un a\u00f1o intenso y complejo por donde se lo mire. Est\u00e1 &#8230;<\/p>\n","protected":false},"author":7,"featured_media":117609,"comment_status":"open","ping_status":"open","sticky":false,"template":"","format":"standard","meta":{"footnotes":""},"categories":[42,7],"tags":[],"class_list":["post-117607","post","type-post","status-publish","format-standard","has-post-thumbnail","hentry","category-opinion","category-politica"],"_links":{"self":[{"href":"https:\/\/vinasfm.com\/noticias\/wp-json\/wp\/v2\/posts\/117607","targetHints":{"allow":["GET"]}}],"collection":[{"href":"https:\/\/vinasfm.com\/noticias\/wp-json\/wp\/v2\/posts"}],"about":[{"href":"https:\/\/vinasfm.com\/noticias\/wp-json\/wp\/v2\/types\/post"}],"author":[{"embeddable":true,"href":"https:\/\/vinasfm.com\/noticias\/wp-json\/wp\/v2\/users\/7"}],"replies":[{"embeddable":true,"href":"https:\/\/vinasfm.com\/noticias\/wp-json\/wp\/v2\/comments?post=117607"}],"version-history":[{"count":3,"href":"https:\/\/vinasfm.com\/noticias\/wp-json\/wp\/v2\/posts\/117607\/revisions"}],"predecessor-version":[{"id":117613,"href":"https:\/\/vinasfm.com\/noticias\/wp-json\/wp\/v2\/posts\/117607\/revisions\/117613"}],"wp:featuredmedia":[{"embeddable":true,"href":"https:\/\/vinasfm.com\/noticias\/wp-json\/wp\/v2\/media\/117609"}],"wp:attachment":[{"href":"https:\/\/vinasfm.com\/noticias\/wp-json\/wp\/v2\/media?parent=117607"}],"wp:term":[{"taxonomy":"category","embeddable":true,"href":"https:\/\/vinasfm.com\/noticias\/wp-json\/wp\/v2\/categories?post=117607"},{"taxonomy":"post_tag","embeddable":true,"href":"https:\/\/vinasfm.com\/noticias\/wp-json\/wp\/v2\/tags?post=117607"}],"curies":[{"name":"wp","href":"https:\/\/api.w.org\/{rel}","templated":true}]}}