{"id":117588,"date":"2023-01-03T09:30:50","date_gmt":"2023-01-03T12:30:50","guid":{"rendered":"https:\/\/vinasfm.com\/noticias\/?p=117588"},"modified":"2023-01-04T09:50:45","modified_gmt":"2023-01-04T12:50:45","slug":"hasta-cuando-tienen-tiempo-los-productores-para-acceder-al-mendozaactiva4","status":"publish","type":"post","link":"https:\/\/vinasfm.com\/noticias\/hasta-cuando-tienen-tiempo-los-productores-para-acceder-al-mendozaactiva4\/","title":{"rendered":"HASTA CU\u00c1NDO TIENEN TIEMPO LOS PRODUCTORES PARA ACCEDER AL #MendozaActiva4"},"content":{"rendered":"<h4><strong>La primera convocatoria de esta nueva edici\u00f3n del programa de fomento a la inversi\u00f3n privada incluye 12 l\u00edneas, destinadas a eficientizar el uso del agua y la energ\u00eda, adquirir maquinaria e incorporar m\u00e9todos de defensa agr\u00edcola, entre otros.<\/strong><\/h4>\n<p>Hasta ma\u00f1ana, productores agr\u00edcolas, ganaderos e industriales mendocinos tienen la posibilidad de acceder a los beneficios del\u00a0<strong>Mendoza Activa 4<\/strong>\u00a0Eficiencia, el programa de fomento a la inversi\u00f3n privada impulsada desde el Gobierno de la provincia a trav\u00e9s del Ministerio de Econom\u00eda y Energ\u00eda.<\/p>\n<p>Se trata del primer llamado lanzado desde la cartera econ\u00f3mica provincial que, en esta oportunidad, diagram\u00f3 un total de 12 l\u00edneas destinadas espec\u00edficamente al sector agr\u00edcola, ganadero e industrial mendocino. Esta nueva ronda hizo foco en las energ\u00edas renovables, la tecnolog\u00eda y el ahorro de agua. Tambi\u00e9n, en brindar herramientas de financiamiento y subsidios para hacer frente a las dificultades ocasionadas por las \u00faltimas contingencias clim\u00e1ticas registradas.<\/p>\n<p>Hasta el pr\u00f3ximo mi\u00e9rcoles, todos aquellos productores y productoras, ganaderos e industriales que desarrollen sus actividades en territorio mendocino podr\u00e1n entrar al sitio de internet del Ministerio de Econom\u00eda y Energ\u00eda y generar un ticket. Como en todas las ediciones, la gesti\u00f3n se podr\u00e1 seguir de manera virtual en tiempo real, con asesoramiento de personal del Gobierno de Mendoza sobre los papeles, facturas y requerimientos que se deben adjuntar.<\/p>\n<p>Una vez completado en proceso, ciudadanos y pymes recibir\u00e1n un reintegro de 40% del dinero invertido y un plus para quienes generen empleo, tengan en sus directorios mayor\u00eda femenina o prioricen los insumos locales.<\/p>\n<h4>Sobre las l\u00edneas<\/h4>\n<p><strong>1. Eficiencia Energ\u00e9tica:<\/strong>\u00a0esta l\u00ednea est\u00e1 destinada a la compra, instalaci\u00f3n y puesta a punto de equipamiento que contribuya al ahorro en el consumo energ\u00e9tico. Con un presupuesto estimado de $12 millones, quienes accedan a este subprograma recibir\u00e1n reintegros del 25% mediante transferencia bancaria y 15% restante mediante billetera virtual.<\/p>\n<p><strong>2. Eficiencia H\u00eddrica:<\/strong>\u00a0para comprar equipamiento, maquinarias, trabajos de revestimiento de cauces, modernizaci\u00f3n de cauces, impermeabilizaci\u00f3n de cauces, sistemas de riego, reservorios, construcci\u00f3n y\/o reparaci\u00f3n de perforaciones para refuerzo de dotaci\u00f3n y otros. Se incluyen las inversiones que realicen las Inspecciones de Cauces y Asociaciones de Inspecciones de Cauces.<\/p>\n<p><strong>3. Ciencia y Tecnolog\u00eda:<\/strong>\u00a0orientada a las soluciones tecnol\u00f3gicas o investigaci\u00f3n aplicada a sectores productivos de car\u00e1cter primario, industrial o de servicios en el territorio de la provincia de Mendoza. Quienes participen en esta l\u00ednea podr\u00e1n recibir un anticipo de hasta 15% del Aporte No Reembolsable aprobado para el inicio de la investigaci\u00f3n.<\/p>\n<p><strong>4. Desarrollo Agr\u00edcola:<\/strong>\u00a0para la implantaci\u00f3n de nuevos montes de nogales, almendros, pistachos, olivos, cerezos, invernaderos y estructuras de apoyo y conducci\u00f3n. Se incluyen inversiones en forestales, forrajes y horticultura. Quienes accedan a este subprograma recibir\u00e1n reintegros de 30% mediante transferencia bancaria y 10% restante mediante billetera virtual.<\/p>\n<p><strong>5. Maquinaria Agr\u00edcola:\u00a0<\/strong>el objetivo de esta l\u00ednea es facilitar la adquisici\u00f3n de maquinaria agr\u00edcola y\/o agroindustrial, equipamientos agr\u00edcolas y\/o agroindustriales y c\u00e1maras frigor\u00edficas.<\/p>\n<p><strong>6. Defensa Agr\u00edcola:\u00a0<\/strong>Esta l\u00ednea dar\u00e1 devoluciones para la compra de materiales, accesorios e instalaci\u00f3n de malla antigranizo y sistemas de defensa activa contra heladas. Incluye agricultura de precisi\u00f3n, como equipamiento con sensores de temperatura y humedad del aire, precipitaci\u00f3n, velocidad del viento, direcci\u00f3n del viento, radiaci\u00f3n solar o datos meteorol\u00f3gicos de la temporada. Se incluyen inversiones para equipamientos y software de datos del tiempo. Quienes accedan a este subprograma recibir\u00e1n reintegros de 30% mediante transferencia bancaria y 10% restante mediante billetera virtual.<\/p>\n<p><strong>7. Eficiencia Agr\u00edcola:<\/strong>\u00a0con el objetivo de optimizar el uso del agua, esta l\u00ednea se destinar\u00e1 a quienes adquieran sistemas de riego presurizados, construyan perforaciones para riego nuevas y reactiven perforaciones existentes. Tambi\u00e9n, para la construcci\u00f3n e impermeabilizaci\u00f3n de represas, acequias e hijuelas de riego intrafinca y sistema de riego por pulsos, as\u00ed como recambio de laterales o cintas de riego para equipos de riego presurizados existentes. Tambi\u00e9n podr\u00e1n presentarse en esta l\u00ednea quienes realicen mejoras del sistema de distribuci\u00f3n interna, carpas para tapadas, mangas con ventanas de apertura y cierre para tapas y tanques compensadores de presi\u00f3n. La l\u00ednea abarca la compra e instalaci\u00f3n y puesta a punto de bombas de riego y otro equipamiento que contribuya al ahorro en el consumo energ\u00e9tico. Se incluyen inversiones de energ\u00edas renovables basadas en la utilizaci\u00f3n del sol, el viento, el agua o la biomasa vegetal o animal.<\/p>\n<p><strong>8. Proyectos Integrales:\u00a0<\/strong>proyectos que abarquen m\u00e1s de una l\u00ednea con finalidad ganadera, agr\u00edcola, industrial y otros rubros.<\/p>\n<p><strong>9. Industria, parques industriales y equipamiento industrial:\u00a0<\/strong>para la compra de maquinarias, implementos, complementos, l\u00edneas de producci\u00f3n y equipamiento industrial, preferentemente producidos en Mendoza. Los proyectos deben priorizar aquellas propuestas localizadas en los parques industriales de la provincia inscriptos en el Registro Nacional de Parques Industriales (RENPI) y en las zonas industriales de los Departamentos. En todos los casos, deber\u00e1 tratarse de nuevos emprendimientos.<\/p>\n<p><strong>10. Atracci\u00f3n de Inversiones:\u00a0<\/strong>el objetivo de esta l\u00ednea es contribuir al desarrollo econ\u00f3mico de la provincia a trav\u00e9s de la radicaci\u00f3n de capitales for\u00e1neos en Mendoza.<\/p>\n<p><strong>11. Ganader\u00eda:<\/strong>\u00a0para equipamiento y obras de infraestructura para mejora en la calidad de la producci\u00f3n ganadera y actividades afines.<\/p>\n<p><strong>12. Emergencia Agropecuaria:<\/strong>\u00a0\u00a0subsidios (Recuperagro), cr\u00e9ditos a tasa subsidiadas (FTyC y Mendoza Fiduciaria) y crear programas de fomento que tengan por finalidad asistir a productores y mantener las fuentes de trabajo en las actividades que se han visto afectadas por el da\u00f1o producido por las contingencias clim\u00e1ticas, que motivaron la declaraci\u00f3n de la Emergencia Agropecuaria de acuerdo con el Decreto 1975\/2022.<\/p>\n<h4>C\u00f3mo acceder<\/h4>\n<p><a href=\"https:\/\/www.mendoza.gov.ar\/mendozaactiva\/\" target=\"_blank\" rel=\"noopener\">Se ingresa\u00a0por internet\u00a0<\/a>y todos los documentos se pueden gestionar de forma remota, con asesoramiento y seguimiento por parte del equipo del Ministerio de Econom\u00eda y Energ\u00eda.<\/p>\n<p>El programa est\u00e1 destinado a ciudadanos, familias y pymes, con y sin fines de lucro. Los beneficiarios deben estar inscriptos como contribuyentes en la Provincia de Mendoza y desarrollar sus propuestas de inversi\u00f3n en dicha jurisdicci\u00f3n.<\/p>\n<p>Para el caso de sociedades extranjeras y de otras jurisdicciones, deber\u00e1n tener sucursal o sede radicada en la provincia, o demostrar la iniciaci\u00f3n del tr\u00e1mite de inscripci\u00f3n correspondiente.<\/p>\n","protected":false},"excerpt":{"rendered":"<p>La primera convocatoria de esta nueva edici\u00f3n del programa de fomento a la inversi\u00f3n privada incluye 12 l\u00edneas, destinadas a eficientizar &#8230;<\/p>\n","protected":false},"author":7,"featured_media":23465,"comment_status":"open","ping_status":"open","sticky":false,"template":"","format":"standard","meta":{"footnotes":""},"categories":[5,186],"tags":[],"class_list":["post-117588","post","type-post","status-publish","format-standard","has-post-thumbnail","hentry","category-actualidad","category-mendoza-activa"],"_links":{"self":[{"href":"https:\/\/vinasfm.com\/noticias\/wp-json\/wp\/v2\/posts\/117588","targetHints":{"allow":["GET"]}}],"collection":[{"href":"https:\/\/vinasfm.com\/noticias\/wp-json\/wp\/v2\/posts"}],"about":[{"href":"https:\/\/vinasfm.com\/noticias\/wp-json\/wp\/v2\/types\/post"}],"author":[{"embeddable":true,"href":"https:\/\/vinasfm.com\/noticias\/wp-json\/wp\/v2\/users\/7"}],"replies":[{"embeddable":true,"href":"https:\/\/vinasfm.com\/noticias\/wp-json\/wp\/v2\/comments?post=117588"}],"version-history":[{"count":1,"href":"https:\/\/vinasfm.com\/noticias\/wp-json\/wp\/v2\/posts\/117588\/revisions"}],"predecessor-version":[{"id":117589,"href":"https:\/\/vinasfm.com\/noticias\/wp-json\/wp\/v2\/posts\/117588\/revisions\/117589"}],"wp:featuredmedia":[{"embeddable":true,"href":"https:\/\/vinasfm.com\/noticias\/wp-json\/wp\/v2\/media\/23465"}],"wp:attachment":[{"href":"https:\/\/vinasfm.com\/noticias\/wp-json\/wp\/v2\/media?parent=117588"}],"wp:term":[{"taxonomy":"category","embeddable":true,"href":"https:\/\/vinasfm.com\/noticias\/wp-json\/wp\/v2\/categories?post=117588"},{"taxonomy":"post_tag","embeddable":true,"href":"https:\/\/vinasfm.com\/noticias\/wp-json\/wp\/v2\/tags?post=117588"}],"curies":[{"name":"wp","href":"https:\/\/api.w.org\/{rel}","templated":true}]}}