{"id":117581,"date":"2023-01-03T09:17:28","date_gmt":"2023-01-03T12:17:28","guid":{"rendered":"https:\/\/vinasfm.com\/noticias\/?p=117581"},"modified":"2023-01-04T09:33:22","modified_gmt":"2023-01-04T12:33:22","slug":"la-temporada-veraniega-empezo-con-bajos-numeros","status":"publish","type":"post","link":"https:\/\/vinasfm.com\/noticias\/la-temporada-veraniega-empezo-con-bajos-numeros\/","title":{"rendered":"LA TEMPORADA VERANIEGA EMPEZ\u00d3 CON BAJOS NUMEROS"},"content":{"rendered":"<h4><strong>El Asesor de Turismo, Nestor Ortega realiz\u00f3 un balance del movimiento tur\u00edstico en el inicio de la temporada de verano en nuestro departamento.\u00a0<\/strong><\/h4>\n<p>Si bien el departamento ha tenido un gran ingreso de turistas en las fiestas decembrinas, el nivel de ocupaci\u00f3n en hoteles y caba\u00f1as se encuentra por debajo de la media, al igual que en el resto de la provincia. Ortega explic\u00f3 que,<em><strong> &#8216;esta diferencia con el a\u00f1o pasado se debe a que en ese momento fue la inyecci\u00f3n el Previaje y eso caus\u00f3 que suba la media en la zona&#8217;.\u00a0<\/strong><\/em><\/p>\n<p>Como cada a\u00f1o, se espera que posterior al 6 de enero comience una suba en los n\u00fameros. <strong><em>&#8216;San Rafael, General Alvear y Malarg\u00fce se llenan siempre despu\u00e9s del 6 que es cuando la gente comienza a viajar m\u00e1s. Tambi\u00e9n se incrementan en la segunda quincena generando n\u00fameros alentadores&#8217;.\u00a0<\/em><\/strong><\/p>\n<p>Hablando puntualmente sobre el departamento, Ortega mencion\u00f3 que hay mucha gente circulando por distintos puntos tur\u00edsticos como lo es Bodega Fara\u00f3n. Antes de finalizar, destac\u00f3 como siempre la calidez de los alvearenses y sus servicios a la hora de recibir a los turistas.<\/p>\n","protected":false},"excerpt":{"rendered":"<p>El Asesor de Turismo, Nestor Ortega realiz\u00f3 un balance del movimiento tur\u00edstico en el inicio de la temporada de verano en &#8230;<\/p>\n","protected":false},"author":7,"featured_media":116136,"comment_status":"open","ping_status":"open","sticky":false,"template":"","format":"standard","meta":{"footnotes":""},"categories":[5,20],"tags":[],"class_list":["post-117581","post","type-post","status-publish","format-standard","has-post-thumbnail","hentry","category-actualidad","category-turismo"],"_links":{"self":[{"href":"https:\/\/vinasfm.com\/noticias\/wp-json\/wp\/v2\/posts\/117581","targetHints":{"allow":["GET"]}}],"collection":[{"href":"https:\/\/vinasfm.com\/noticias\/wp-json\/wp\/v2\/posts"}],"about":[{"href":"https:\/\/vinasfm.com\/noticias\/wp-json\/wp\/v2\/types\/post"}],"author":[{"embeddable":true,"href":"https:\/\/vinasfm.com\/noticias\/wp-json\/wp\/v2\/users\/7"}],"replies":[{"embeddable":true,"href":"https:\/\/vinasfm.com\/noticias\/wp-json\/wp\/v2\/comments?post=117581"}],"version-history":[{"count":1,"href":"https:\/\/vinasfm.com\/noticias\/wp-json\/wp\/v2\/posts\/117581\/revisions"}],"predecessor-version":[{"id":117585,"href":"https:\/\/vinasfm.com\/noticias\/wp-json\/wp\/v2\/posts\/117581\/revisions\/117585"}],"wp:featuredmedia":[{"embeddable":true,"href":"https:\/\/vinasfm.com\/noticias\/wp-json\/wp\/v2\/media\/116136"}],"wp:attachment":[{"href":"https:\/\/vinasfm.com\/noticias\/wp-json\/wp\/v2\/media?parent=117581"}],"wp:term":[{"taxonomy":"category","embeddable":true,"href":"https:\/\/vinasfm.com\/noticias\/wp-json\/wp\/v2\/categories?post=117581"},{"taxonomy":"post_tag","embeddable":true,"href":"https:\/\/vinasfm.com\/noticias\/wp-json\/wp\/v2\/tags?post=117581"}],"curies":[{"name":"wp","href":"https:\/\/api.w.org\/{rel}","templated":true}]}}