{"id":117577,"date":"2023-01-03T08:37:28","date_gmt":"2023-01-03T11:37:28","guid":{"rendered":"https:\/\/vinasfm.com\/noticias\/?p=117577"},"modified":"2023-01-04T08:35:31","modified_gmt":"2023-01-04T11:35:31","slug":"inicio-de-ano-con-actividad-policial-pero-sin-accidentes","status":"publish","type":"post","link":"https:\/\/vinasfm.com\/noticias\/inicio-de-ano-con-actividad-policial-pero-sin-accidentes\/","title":{"rendered":"INICIO DE A\u00d1O CON ACTIVIDAD POLICIAL, PERO SIN ACCIDENTES"},"content":{"rendered":"<h4><strong>Sin accidentes en las rutas, el Subcomisario Jos\u00e9 L\u00f3pez defini\u00f3 el fin de semana de a\u00f1o nuevo como positivo, en el balance realizado al aire de F.M VI\u00d1AS.<\/strong><\/h4>\n<p>En lo que respecta a controles de alcoholemia, tanto nocturnos como diurnos, se han obtenido 5 casos de alcoholemia positivo en el egreso de los espejos de agua. <strong><em>&#8216;Cerca de las 22:20 del domingo se recibi\u00f3 una llamada que alertaba por conducci\u00f3n peligrosa sobre Ruta 143, personal de Villa Atuel logr\u00f3 detener la marcha del veh\u00edculo que era una Moto 150 cc, conducida por un masculino que al momento del control le dio 2,62 gramos de alcohol en sangre. Fue derivado a Comisaria N\u00b0 26 y la motocicleta qued\u00f3 retenida&#8217;\u00a0<\/em><\/strong>coment\u00f3 L\u00f3pez.<\/p>\n<p>Un hecho de relevancia se produjo el mismo domingo por la tarde cuando un oficial de polic\u00eda de Punta del Agua acudi\u00f3 al llamado de vecinos,<em><strong> &#8216;al momento de llegar fue atacado por dos individuos que intentaron sustraerle el arma reglamentaria, producto del ataque el polic\u00eda obtuvo una lesi\u00f3n en una de sus manos. Cuando se dirige a ser atendido al centro de salud, vuelve a ser ataco por los mismo individuos; fueron detenidos por personal de apoyo&#8217;<\/strong><\/em> explic\u00f3 el subcomisario. Uno de los sujetos es mayor de edad y continua detenido por robo agravado al sustraer la pistolera del uniforme; el otro sujeto de 17 a\u00f1os y fue derivado a la Comisar\u00eda del Menor en San Rafael. <em><strong>&#8216;No obstante, cuando eran trasladados, uno de los polic\u00edas que los custodiaba fue atacado con un golpe en el rostro&#8217;.<\/strong><\/em><\/p>\n<p>En la madrugada del lunes, cerca de las 00:10, dos menores circulaban por la vereda lateral este de la Avenida Libertador Norte, <strong><em>&#8216;al llegar a la intersecci\u00f3n con Calle Mendoza le proporcionen un golpe a una vidriera rompi\u00e9ndolo, en el mismo momento fueron detenidos por personal de Lucha Contra el Narcotr\u00e1fico que pasaban por el lugar. Los menores, de 14 y 17 a\u00f1os, fueron derivados a UPANA y posteriormente entregados a sus progenitores&#8217;, <\/em><\/strong>desarroll\u00f3 el Subcomisario.<\/p>\n","protected":false},"excerpt":{"rendered":"<p>Sin accidentes en las rutas, el Subcomisario Jos\u00e9 L\u00f3pez defini\u00f3 el fin de semana de a\u00f1o nuevo como positivo, en el &#8230;<\/p>\n","protected":false},"author":7,"featured_media":101629,"comment_status":"open","ping_status":"open","sticky":false,"template":"","format":"standard","meta":{"footnotes":""},"categories":[5,4],"tags":[],"class_list":["post-117577","post","type-post","status-publish","format-standard","has-post-thumbnail","hentry","category-actualidad","category-policiales"],"_links":{"self":[{"href":"https:\/\/vinasfm.com\/noticias\/wp-json\/wp\/v2\/posts\/117577","targetHints":{"allow":["GET"]}}],"collection":[{"href":"https:\/\/vinasfm.com\/noticias\/wp-json\/wp\/v2\/posts"}],"about":[{"href":"https:\/\/vinasfm.com\/noticias\/wp-json\/wp\/v2\/types\/post"}],"author":[{"embeddable":true,"href":"https:\/\/vinasfm.com\/noticias\/wp-json\/wp\/v2\/users\/7"}],"replies":[{"embeddable":true,"href":"https:\/\/vinasfm.com\/noticias\/wp-json\/wp\/v2\/comments?post=117577"}],"version-history":[{"count":2,"href":"https:\/\/vinasfm.com\/noticias\/wp-json\/wp\/v2\/posts\/117577\/revisions"}],"predecessor-version":[{"id":117587,"href":"https:\/\/vinasfm.com\/noticias\/wp-json\/wp\/v2\/posts\/117577\/revisions\/117587"}],"wp:featuredmedia":[{"embeddable":true,"href":"https:\/\/vinasfm.com\/noticias\/wp-json\/wp\/v2\/media\/101629"}],"wp:attachment":[{"href":"https:\/\/vinasfm.com\/noticias\/wp-json\/wp\/v2\/media?parent=117577"}],"wp:term":[{"taxonomy":"category","embeddable":true,"href":"https:\/\/vinasfm.com\/noticias\/wp-json\/wp\/v2\/categories?post=117577"},{"taxonomy":"post_tag","embeddable":true,"href":"https:\/\/vinasfm.com\/noticias\/wp-json\/wp\/v2\/tags?post=117577"}],"curies":[{"name":"wp","href":"https:\/\/api.w.org\/{rel}","templated":true}]}}