{"id":117563,"date":"2023-01-02T10:23:32","date_gmt":"2023-01-02T13:23:32","guid":{"rendered":"https:\/\/vinasfm.com\/noticias\/?p=117563"},"modified":"2023-01-03T10:21:10","modified_gmt":"2023-01-03T13:21:10","slug":"desde-el-iscamen-recuerdan-a-la-gente-que-viaja-por-la-provincia-que-no-deben-trasladar-frutas-para-asi-mantener-las-zonas-libre-de-plagas","status":"publish","type":"post","link":"https:\/\/vinasfm.com\/noticias\/desde-el-iscamen-recuerdan-a-la-gente-que-viaja-por-la-provincia-que-no-deben-trasladar-frutas-para-asi-mantener-las-zonas-libre-de-plagas\/","title":{"rendered":"DESDE EL ISCAMEN RECUERDAN A LA GENTE QUE VIAJA POR LA PROVINCIA QUE NO DEBEN TRASLADAR FRUTAS PARA AS\u00cd MANTENER LAS ZONAS LIBRE DE PLAGAS"},"content":{"rendered":"<h4><strong>Con motivo de las vacaciones que se avecinan, donde l\u00f3gicamente se incrementa el tr\u00e1nsito entre la provincia, el Iscamen ha recordado que contin\u00faan vigentes las barreras fitosanitarias de protecci\u00f3n, y se est\u00e1 pidiendo a quienes transitan, que se evite el ingreso de frutas y verduras a la provincia. Mariel Vanin, quien se desempe\u00f1a en la Secretar\u00eda T\u00e9cnica del Iscamen, dio a conocer c\u00f3mo est\u00e1n trabajando con las barreras fitosanitarias en Mendoza.<\/strong><\/h4>\n<p><strong><em>&#8216;Como ustedes saben, nuestras barreras trabajan en forma permanente y los mendocinos ya estamos acostumbrados a que se revisen nuestros veh\u00edculos para que no se lleven frutas o verduras hacia las \u00e1reas libres. Pero en esta \u00e9poca se acrecienta nuestra preocupaci\u00f3n porque tenemos muchos turistas internos circulando, ya que, desde la pandemia a esta parte, el turismo interno se increment\u00f3 much\u00edsimo y esa fruta que uno a veces tiene en el auto, muchas veces inadvertidamente en la guantera, o para consumo de los ni\u00f1os, es que apelamos a la conciencia de la persona que viaja hacia las \u00e1reas libres, para pedirles y recordarles que esos productos no se pueden ingresar, ya que se trata de material hospedero, y tambi\u00e9n se est\u00e1 atentando contra el trabajo que hacemos durante todo el a\u00f1o para mantener las \u00e1reas libres de cualquier tipo de reinfestaci\u00f3n. Las frutas que m\u00e1s preocupan son las ciruelas, duraznos, damascos, peras, manzanas, y principalmente los c\u00edtricos. Estos \u00faltimos son prioridad en cuanto a la preocupaci\u00f3n que tenemos. Recientemente ha salido una reglamentaci\u00f3n que determina una especial protecci\u00f3n a las \u00e1reas libres, y los c\u00edtricos que vienen de la zona norte deben llegar en forma directa desde un centro de tratamiento. Pero puede suceder que ese c\u00edtrico provenga de alguna vivienda particular, por ejemplo, del norte de la provincia, donde las familias pueden tener en el patio de su casa un naranjo o un pomelo, y les convidan a familiares visitantes frutas para que lleven en el camino hacia alg\u00fan \u00e1rea libre de la provincia. Esto es preocupante, ya que no es lo mismo que otras frutas que llegan desde otras provincias con tratamiento cuarentenario. Por lo tanto, advertimos a quienes viajan que no lleven estos productos&#8217;.<\/em><\/strong><\/p>\n<p>Con referencia a los decomisos que puedan realizarse en las barreras fitosanitarias, Vanin explic\u00f3 que <strong><em>&#8216;se realizan de distintos tipos. En el transporte de cargas se revisan exhaustivamente los veh\u00edculos tanto en las barreas lim\u00edtrofes de la provincia, como en las barreras internas. Por lo tanto, surgen ocultamientos de cargas, es decir que una carga con fruta hospedera no se ha declarado y por lo tanto s\u00ed o s\u00ed la barrera lo tiene que decomisar. En el caso de los veh\u00edculos particulares la fruta que se puede detectar es generalmente por olvido o desconocimiento. Pero sucede que en nuestras barreras internas no podemos hacer una revisi\u00f3n exhaustiva ya que, si tuvi\u00e9ramos que hacer bajar a las familias y revisar guanteras, ba\u00fales, etc., se har\u00edan unas colas tremendas y estar\u00edamos tambi\u00e9n desalentando de alguna forma el turismo dentro de la provincia. Es as\u00ed como estos controles se efect\u00faan preguntando a la gente, y se realizan por muestreo controles a los veh\u00edculos. Es por esto por lo que pedimos que si circulan con alguna fruta hospedera la consuman o la desechen en la barrera&#8217;.<\/em><\/strong><\/p>\n","protected":false},"excerpt":{"rendered":"<p>Con motivo de las vacaciones que se avecinan, donde l\u00f3gicamente se incrementa el tr\u00e1nsito entre la provincia, el Iscamen ha recordado &#8230;<\/p>\n","protected":false},"author":7,"featured_media":117564,"comment_status":"open","ping_status":"open","sticky":false,"template":"","format":"standard","meta":{"footnotes":""},"categories":[5,35],"tags":[],"class_list":["post-117563","post","type-post","status-publish","format-standard","has-post-thumbnail","hentry","category-actualidad","category-iscamen"],"_links":{"self":[{"href":"https:\/\/vinasfm.com\/noticias\/wp-json\/wp\/v2\/posts\/117563","targetHints":{"allow":["GET"]}}],"collection":[{"href":"https:\/\/vinasfm.com\/noticias\/wp-json\/wp\/v2\/posts"}],"about":[{"href":"https:\/\/vinasfm.com\/noticias\/wp-json\/wp\/v2\/types\/post"}],"author":[{"embeddable":true,"href":"https:\/\/vinasfm.com\/noticias\/wp-json\/wp\/v2\/users\/7"}],"replies":[{"embeddable":true,"href":"https:\/\/vinasfm.com\/noticias\/wp-json\/wp\/v2\/comments?post=117563"}],"version-history":[{"count":2,"href":"https:\/\/vinasfm.com\/noticias\/wp-json\/wp\/v2\/posts\/117563\/revisions"}],"predecessor-version":[{"id":117596,"href":"https:\/\/vinasfm.com\/noticias\/wp-json\/wp\/v2\/posts\/117563\/revisions\/117596"}],"wp:featuredmedia":[{"embeddable":true,"href":"https:\/\/vinasfm.com\/noticias\/wp-json\/wp\/v2\/media\/117564"}],"wp:attachment":[{"href":"https:\/\/vinasfm.com\/noticias\/wp-json\/wp\/v2\/media?parent=117563"}],"wp:term":[{"taxonomy":"category","embeddable":true,"href":"https:\/\/vinasfm.com\/noticias\/wp-json\/wp\/v2\/categories?post=117563"},{"taxonomy":"post_tag","embeddable":true,"href":"https:\/\/vinasfm.com\/noticias\/wp-json\/wp\/v2\/tags?post=117563"}],"curies":[{"name":"wp","href":"https:\/\/api.w.org\/{rel}","templated":true}]}}