{"id":117544,"date":"2023-01-02T08:56:15","date_gmt":"2023-01-02T11:56:15","guid":{"rendered":"https:\/\/vinasfm.com\/noticias\/?p=117544"},"modified":"2023-01-03T08:07:07","modified_gmt":"2023-01-03T11:07:07","slug":"por-el-conflicto-con-los-citricos-puede-faltar-fruta-en-el-sur-provincial","status":"publish","type":"post","link":"https:\/\/vinasfm.com\/noticias\/por-el-conflicto-con-los-citricos-puede-faltar-fruta-en-el-sur-provincial\/","title":{"rendered":"POR EL CONFLICTO CON LOS CITRICOS PUEDE FALTAR FRUTA EN EL SUR PROVINCIAL"},"content":{"rendered":"<h4><strong>Desde hace un par de d\u00edas el SENASA interrumpi\u00f3 el paso de c\u00edtricos entre el Norte de la Provincia y la zona sur de Mendoza, tras detectar un cargamento de pomelos que pas\u00f3 a la vecina provincia de La Pampa sin supervisi\u00f3n.<\/strong><\/h4>\n<p>Los cargamentos no pueden pasar por el control sanitario de Zapata hacia el sur mendocino, incluso el caso de aquellos que van a comprar a los mercados de concentraci\u00f3n del Gran Mendoza para revender en la regi\u00f3n.<br \/>\nAnte esta situaci\u00f3n alertaron de que puede faltar fruta en el sur provincial, ya que la mayor\u00eda de los c\u00edtricos que se venden en esta parte de la provincia provienen de los mercados del Gran Mendoza.<br \/>\n<strong><em>&#8216;Nosotros ahora no podemos comercializar al sur de la provincia ni al de la Argentina a no ser que hagamos una burbuja con los c\u00edtricos&#8217;<\/em><\/strong> cont\u00f3 Jos\u00e9 Filmus, uno de los puesteros del Mercado de Guaymall\u00e9n quien agreg\u00f3 que <em><strong>&#8216;por un tiempo naranja y mandarina no va a haber&#8217;<\/strong><\/em>, alert\u00f3 Filmus.<br \/>\nPor ahora, solo pueden ingresar al sur mendocino y el resto de la Patagonia productos que vienen directamente desde el litoral, principalmente de la provincia de Entre R\u00edos.<br \/>\n<strong><em>&#8216;Entre R\u00edos tiene venta directa con la Patagonia porque van encapsulados desde origen. En cambio, para Mendoza es m\u00e1s complicado porque los operadores del sur provincial, San Rafael, Malarg\u00fce y General Alvear se abastecen de los productores de la provincia&#8217;<\/em><\/strong>, explic\u00f3 Omar Carrasco, titular de la Uni\u00f3n Frutihort\u00edcola mendocina.<\/p>\n","protected":false},"excerpt":{"rendered":"<p>Desde hace un par de d\u00edas el SENASA interrumpi\u00f3 el paso de c\u00edtricos entre el Norte de la Provincia y la &#8230;<\/p>\n","protected":false},"author":7,"featured_media":117447,"comment_status":"open","ping_status":"open","sticky":false,"template":"","format":"standard","meta":{"footnotes":""},"categories":[5,10],"tags":[],"class_list":["post-117544","post","type-post","status-publish","format-standard","has-post-thumbnail","hentry","category-actualidad","category-destacadas"],"_links":{"self":[{"href":"https:\/\/vinasfm.com\/noticias\/wp-json\/wp\/v2\/posts\/117544","targetHints":{"allow":["GET"]}}],"collection":[{"href":"https:\/\/vinasfm.com\/noticias\/wp-json\/wp\/v2\/posts"}],"about":[{"href":"https:\/\/vinasfm.com\/noticias\/wp-json\/wp\/v2\/types\/post"}],"author":[{"embeddable":true,"href":"https:\/\/vinasfm.com\/noticias\/wp-json\/wp\/v2\/users\/7"}],"replies":[{"embeddable":true,"href":"https:\/\/vinasfm.com\/noticias\/wp-json\/wp\/v2\/comments?post=117544"}],"version-history":[{"count":1,"href":"https:\/\/vinasfm.com\/noticias\/wp-json\/wp\/v2\/posts\/117544\/revisions"}],"predecessor-version":[{"id":117545,"href":"https:\/\/vinasfm.com\/noticias\/wp-json\/wp\/v2\/posts\/117544\/revisions\/117545"}],"wp:featuredmedia":[{"embeddable":true,"href":"https:\/\/vinasfm.com\/noticias\/wp-json\/wp\/v2\/media\/117447"}],"wp:attachment":[{"href":"https:\/\/vinasfm.com\/noticias\/wp-json\/wp\/v2\/media?parent=117544"}],"wp:term":[{"taxonomy":"category","embeddable":true,"href":"https:\/\/vinasfm.com\/noticias\/wp-json\/wp\/v2\/categories?post=117544"},{"taxonomy":"post_tag","embeddable":true,"href":"https:\/\/vinasfm.com\/noticias\/wp-json\/wp\/v2\/tags?post=117544"}],"curies":[{"name":"wp","href":"https:\/\/api.w.org\/{rel}","templated":true}]}}