{"id":117344,"date":"2022-12-26T09:19:59","date_gmt":"2022-12-26T12:19:59","guid":{"rendered":"https:\/\/vinasfm.com\/noticias\/?p=117344"},"modified":"2022-12-27T08:37:21","modified_gmt":"2022-12-27T11:37:21","slug":"el-pro-cerro-el-2022-presentando-los-ejes-para-transformar-mendoza","status":"publish","type":"post","link":"https:\/\/vinasfm.com\/noticias\/el-pro-cerro-el-2022-presentando-los-ejes-para-transformar-mendoza\/","title":{"rendered":"EL PRO CERR\u00d3 EL 2022 PRESENTANDO LOS EJES PARA TRANSFORMAR MENDOZA"},"content":{"rendered":"<h4><strong>Este viernes 23 de diciembre, en el Hotel Sheraton de Ciudad de Mendoza, unas 1200 personas se reunieron para escuchar el diagn\u00f3stico de la provincia y los ejes estrat\u00e9gicos elaborados por equipos t\u00e9cnicos, pensando en 2023.<\/strong><\/h4>\n<p>Durante el encuentro, los equipos t\u00e9cnicos liderados por Juan Antonio Cucchi (Doctor in Business Administration); Coordinador Operativo: Lic. Fernando Gonz\u00e1lez Villanueva; Mg. Marcela Carrizo (experta en Educaci\u00f3n) ; Master of Arts Econom\u00eda, Jorge Day (experto en Econom\u00eda y MBA Roberto De Rossetti (experto en Transformaci\u00f3n Digital) <strong>expusieron la \u201cAgenda Mendocina para la Acci\u00f3n\u201d. <\/strong><\/p>\n<p>La misma, persigue una visi\u00f3n compartida por actores, referentes y expertos de Mendoza y Argentina, con el fin de devolverle a la provincia un futuro donde lidere la transformaci\u00f3n y sea fuente de oportunidades para sus habitantes.<\/p>\n<p><strong>AMA Mendoza<\/strong> es fruto del trabajo de todo un a\u00f1o, ya que el proceso comenz\u00f3 a gestarse en diciembre de 2021 y propone proyectos transformadores basados en 4 ejes estrat\u00e9gicos:<\/p>\n<p><strong>-Desarrollo de la infraestructura social con foco en la vivienda<\/strong><\/p>\n<p><strong>-Transformaci\u00f3n educativa integral<\/strong><\/p>\n<p><strong>-Desarrollo econ\u00f3mico con foco en el empleo<\/strong><\/p>\n<p><strong>-Transformaci\u00f3n digital con foco en la conectividad plena en toda la provincia.<\/strong><\/p>\n<p>Asistieron a la presentaci\u00f3n de AMA Mendoza,el Presidente de la Fundaci\u00f3n Pensar Mendoza, Germ\u00e1n Vicchi; la Presidente de PRO Mujeres, Laura Balsells-Mir\u00f3; el Presidente de la Juventud del PRO, Juan Noguera y el Intendente de Luj\u00e1n de Cuyo, Sebasti\u00e1n Bragagnolo.<\/p>\n<p>Por su parte, el Presidente del PRO en Mendoza y diputado nacional, \u00c1lvaro Mart\u00ednez expres\u00f3<strong><em> \u201cEl evento de hoy demostr\u00f3 unidad y compromiso, no es especulaci\u00f3n pol\u00edtica sino vocaci\u00f3n de transformar la provincia de Mendoza. Estamos agradecidos por la convocatoria y el apoyo, demuestra el crecimiento del PRO y de la fuerza de sus dirigentes\u201d.<\/em><\/strong><\/p>\n<p><strong><em>\u201cConsideramos que este cierre es un puntapi\u00e9 para comenzar a trabajar en el 2023, con propuestas y un plan s\u00f3lido de gesti\u00f3n y de gobierno, que es lo que siempre hemos planteado y defendido\u201d<\/em><\/strong>, sostuvo Mart\u00ednez.<\/p>\n<p>En tanto, Omar De Marchi dijo <strong><em>\u201cMendoza tiene que recuperar el liderazgo regional y volver a ser un faro para lo bueno de la Argentina. Ese es nuestro compromiso: caminaremos cada rinc\u00f3n para convocar a todos los mendocinos y mendocinas que compartan nuestros valores a ser parte de esta transformaci\u00f3n\u201d.<\/em><\/strong><\/p>\n<p>Adem\u00e1s De Marchi expres\u00f3 que <strong><em>\u201cEn Mendoza y en la Argentina, todos los problemas son problemas de educaci\u00f3n, tal como dec\u00eda Sarmiento. Y ten\u00eda mucha raz\u00f3n. Hoy, en Mendoza tenemos casi un 50% de personas viviendo en la pobreza, m\u00e1s incluso que la media nacional\u201d.<\/em><\/strong><\/p>\n<p><strong><em>\u201cEn este contexto, la educaci\u00f3n es la mejor herramienta que tenemos para equilibrar la cancha y darles a esos chicos que nacieron en la pobreza, la oportunidad de salir adelante. Es urgente revertir esto y que la educaci\u00f3n vuelva a ser una herramienta de progreso\u201d<\/em><\/strong>, remat\u00f3.<\/p>\n<p><strong><em>\u201cDebemos educar para la libertad, para la independencia. Hay que crear un nuevo paradigma educativo, que les permita a los j\u00f3venes ser parte del futuro. La prioridad n\u00famero uno para nosotros es la educaci\u00f3n\u201d<\/em><\/strong>, finaliz\u00f3 Omar De Marchi.<\/p>\n<p>&nbsp;<\/p>\n","protected":false},"excerpt":{"rendered":"<p>Este viernes 23 de diciembre, en el Hotel Sheraton de Ciudad de Mendoza, unas 1200 personas se reunieron para escuchar el &#8230;<\/p>\n","protected":false},"author":7,"featured_media":117345,"comment_status":"open","ping_status":"open","sticky":false,"template":"","format":"standard","meta":{"footnotes":""},"categories":[5,7],"tags":[],"class_list":["post-117344","post","type-post","status-publish","format-standard","has-post-thumbnail","hentry","category-actualidad","category-politica"],"_links":{"self":[{"href":"https:\/\/vinasfm.com\/noticias\/wp-json\/wp\/v2\/posts\/117344","targetHints":{"allow":["GET"]}}],"collection":[{"href":"https:\/\/vinasfm.com\/noticias\/wp-json\/wp\/v2\/posts"}],"about":[{"href":"https:\/\/vinasfm.com\/noticias\/wp-json\/wp\/v2\/types\/post"}],"author":[{"embeddable":true,"href":"https:\/\/vinasfm.com\/noticias\/wp-json\/wp\/v2\/users\/7"}],"replies":[{"embeddable":true,"href":"https:\/\/vinasfm.com\/noticias\/wp-json\/wp\/v2\/comments?post=117344"}],"version-history":[{"count":1,"href":"https:\/\/vinasfm.com\/noticias\/wp-json\/wp\/v2\/posts\/117344\/revisions"}],"predecessor-version":[{"id":117346,"href":"https:\/\/vinasfm.com\/noticias\/wp-json\/wp\/v2\/posts\/117344\/revisions\/117346"}],"wp:featuredmedia":[{"embeddable":true,"href":"https:\/\/vinasfm.com\/noticias\/wp-json\/wp\/v2\/media\/117345"}],"wp:attachment":[{"href":"https:\/\/vinasfm.com\/noticias\/wp-json\/wp\/v2\/media?parent=117344"}],"wp:term":[{"taxonomy":"category","embeddable":true,"href":"https:\/\/vinasfm.com\/noticias\/wp-json\/wp\/v2\/categories?post=117344"},{"taxonomy":"post_tag","embeddable":true,"href":"https:\/\/vinasfm.com\/noticias\/wp-json\/wp\/v2\/tags?post=117344"}],"curies":[{"name":"wp","href":"https:\/\/api.w.org\/{rel}","templated":true}]}}