{"id":117235,"date":"2022-12-22T10:52:45","date_gmt":"2022-12-22T13:52:45","guid":{"rendered":"https:\/\/vinasfm.com\/noticias\/?p=117235"},"modified":"2022-12-23T09:10:43","modified_gmt":"2022-12-23T12:10:43","slug":"defensa-civil-emitio-una-alerta-por-zonda-y-tormentas-severas","status":"publish","type":"post","link":"https:\/\/vinasfm.com\/noticias\/defensa-civil-emitio-una-alerta-por-zonda-y-tormentas-severas\/","title":{"rendered":"DEFENSA CIVIL EMITI\u00d3 UNA ALERTA POR ZONDA Y TORMENTAS SEVERAS"},"content":{"rendered":"<h4><strong>Desde el organismo provincial alertaron por la ocurrencia de viento con efecto Zonda y tormentas de moderadas a severas en gran parte de Mendoza.<\/strong><\/h4>\n<p>Al igual que ayer, el\u00a0<strong>pron\u00f3stico<\/strong>\u00a0para este jueves\u00a0indica que se registrar\u00e1n\u00a0temperaturas elevadas.\u00a0Desde el\u00a0<strong>Servicio Meteorol\u00f3gico Nacional (SMN)<\/strong>\u00a0anunciaron que la jornada estar\u00e1 marcada por la inestabilidad durante la tarde y la noche.\u00a0<strong>Defensa\u00a0Civil\u00a0<\/strong>de Mendoza emiti\u00f3 una\u00a0<strong>alerta\u00a0<\/strong>amarilla\u00a0debido a la probabilidad de\u00a0<strong>tormentas\u00a0<\/strong>con ocasional ca\u00edda de\u00a0granizo\u00a0que afectar\u00e1n gran parte del territorio provincial y viento con efecto\u00a0<strong>Zonda<\/strong>\u00a0en algunos departamentos.<\/p>\n<p>El comunicado de\u00a0<strong>Defensa Civil\u00a0<\/strong>de la provincia de Mendoza\u00a0aclara que, a partir de horas del mediod\u00eda se espera que el viento del oeste con efecto\u00a0<strong>Zonda<\/strong> comience a afectar al departamento de Malarg\u00fce y destaca: &#8216;<em><strong>Una aproximaci\u00f3n de frente fr\u00edo provoca condiciones de inestabilidad con\u00a0tormentas\u00a0moderadas a severas en zona sur&#8217;.<\/strong><\/em><\/p>\n<p>La alerta emitida por el organismo provincial agrega que <strong><em>&#8216;por la noche se registrar\u00e1 el ingreso de un frente fr\u00edo que provocar\u00e1 r\u00e1fagas intensas de viento sur y tormentas en toda la provincia que se extender\u00e1n hasta horas de la madrugada&#8217;.<\/em><\/strong><\/p>\n<h4>Recomendaciones<\/h4>\n<ul>\n<li>Desde el organismo provincial emitieron una serie de recomendaciones a fin de disminuir los riesgos que puede provocar la situaci\u00f3n meteorol\u00f3gica.<\/li>\n<li>Manejar con precauci\u00f3n a velocidad prudente, manteniendo la distancia con otros veh\u00edculos y respetando las se\u00f1ales de tr\u00e1nsito.\u00a0Hay que evitar manejar hablando por tel\u00e9fono y siempre llevar el cintur\u00f3n de seguridad colocado, tanto el conductor como todos los ocupantes del veh\u00edculo.<\/li>\n<li>No sobrepasar a otro autom\u00f3vil en presencia de doble l\u00ednea amarilla y circular siempre con las luces bajas encendidas.<\/li>\n<li>Controlar el estado de los neum\u00e1ticos, los frenos, el funcionamiento de las luces, direcci\u00f3n y la parte el\u00e9ctrica del autom\u00f3vil c\u00f3mo requisito imprescindible, ya que son componentes que aportan a la seguridad del veh\u00edculo.<\/li>\n<li>En la calle, buscar resguardo bajo un techo seguro. Alejarse de \u00e1rboles, cables y marquesinas. Evitar circular por calles inundadas.<\/li>\n<li>En el veh\u00edculo, buscar resguardo en zona segura e intentar detener la marcha en cuanto sea posible. Conducir con extrema precauci\u00f3n y con distancias entre veh\u00edculos y colocar las balizas al detenerse. Si observa el aumento del caudal de agua, detener y buscar ponerse a salvo. Evitar circular con su veh\u00edculo por calles anegadas.<\/li>\n<li>Revisar peri\u00f3dicamente el estado de techos, desag\u00fces y canaletas de desagote de agua. Deben limpiarse y verificar que se encuentren asegurados para no desprenderse.<\/li>\n<li>Retirar del exterior de la vivienda objetos que puedan ser arrastrados por el agua, poner especial atenci\u00f3n a envases con productos t\u00f3xicos (insecticidas, herbicidas, qu\u00edmicos para piscinas).<\/li>\n<li>No sacar la basura. Cerrar y asegurar las ventanas y puertas. Para disminuir el ingreso de agua a la vivienda. Utilizar calzado y evitar caminar descalzo, para no tener lesiones.<\/li>\n<li>Desconectar electrodom\u00e9sticos y otros artefactos de la red de energ\u00eda el\u00e9ctrica. Si se inunda la casa, cortar la energ\u00eda el\u00e9ctrica (t\u00e9rmicas, disyuntor o llave de corte general en\u00a0Off).<\/li>\n<li>Mantener a las mascotas en lugar protegido. Quedarse en casa\u00a0\u00a0y evitar circular innecesariamente por la v\u00eda p\u00fablica, especialmente en centros urbanos.<\/li>\n<li>Luego de que se retire el agua y cese la lluvia, higienizar la vivienda con una soluci\u00f3n de una taza de lavandina cada 15 litros de agua.<\/li>\n<\/ul>\n","protected":false},"excerpt":{"rendered":"<p>Desde el organismo provincial alertaron por la ocurrencia de viento con efecto Zonda y tormentas de moderadas a severas en gran &#8230;<\/p>\n","protected":false},"author":7,"featured_media":117236,"comment_status":"open","ping_status":"open","sticky":false,"template":"","format":"standard","meta":{"footnotes":""},"categories":[5,17],"tags":[],"class_list":["post-117235","post","type-post","status-publish","format-standard","has-post-thumbnail","hentry","category-actualidad","category-clima"],"_links":{"self":[{"href":"https:\/\/vinasfm.com\/noticias\/wp-json\/wp\/v2\/posts\/117235","targetHints":{"allow":["GET"]}}],"collection":[{"href":"https:\/\/vinasfm.com\/noticias\/wp-json\/wp\/v2\/posts"}],"about":[{"href":"https:\/\/vinasfm.com\/noticias\/wp-json\/wp\/v2\/types\/post"}],"author":[{"embeddable":true,"href":"https:\/\/vinasfm.com\/noticias\/wp-json\/wp\/v2\/users\/7"}],"replies":[{"embeddable":true,"href":"https:\/\/vinasfm.com\/noticias\/wp-json\/wp\/v2\/comments?post=117235"}],"version-history":[{"count":1,"href":"https:\/\/vinasfm.com\/noticias\/wp-json\/wp\/v2\/posts\/117235\/revisions"}],"predecessor-version":[{"id":117237,"href":"https:\/\/vinasfm.com\/noticias\/wp-json\/wp\/v2\/posts\/117235\/revisions\/117237"}],"wp:featuredmedia":[{"embeddable":true,"href":"https:\/\/vinasfm.com\/noticias\/wp-json\/wp\/v2\/media\/117236"}],"wp:attachment":[{"href":"https:\/\/vinasfm.com\/noticias\/wp-json\/wp\/v2\/media?parent=117235"}],"wp:term":[{"taxonomy":"category","embeddable":true,"href":"https:\/\/vinasfm.com\/noticias\/wp-json\/wp\/v2\/categories?post=117235"},{"taxonomy":"post_tag","embeddable":true,"href":"https:\/\/vinasfm.com\/noticias\/wp-json\/wp\/v2\/tags?post=117235"}],"curies":[{"name":"wp","href":"https:\/\/api.w.org\/{rel}","templated":true}]}}