{"id":117214,"date":"2022-12-22T09:49:02","date_gmt":"2022-12-22T12:49:02","guid":{"rendered":"https:\/\/vinasfm.com\/noticias\/?p=117214"},"modified":"2022-12-23T08:52:41","modified_gmt":"2022-12-23T11:52:41","slug":"omar-de-marchi-cambia-mendoza-no-funciona-como-una-alianza","status":"publish","type":"post","link":"https:\/\/vinasfm.com\/noticias\/omar-de-marchi-cambia-mendoza-no-funciona-como-una-alianza\/","title":{"rendered":"OMAR DE MARCHI: &#8216;CAMBIA MENDOZA NO FUNCIONA COMO UNA ALIANZA&#8217;"},"content":{"rendered":"<h4><strong>Ante el escandalo pol\u00edtico que estall\u00f3 en el PRO por la decisi\u00f3n que tom\u00f3 el Diputado y candidato a Gobernador, Omar De Marchi, de no asistir a una reuni\u00f3n de Cambia Mendoza convocada por la UCR, un sector de la fuerza se diferencio. De Marchi hizo su descargo en el Aire de F.M VI\u00d1AS.<\/strong><\/h4>\n<p><strong><em>&#8216;En estos \u00faltimos dos a\u00f1os no ha habido una sola reuni\u00f3n de Cambia Mendoza en la provincia, a nivel nacional si existi\u00f3 una interacci\u00f3n permanente&#8217;<\/em><\/strong> expres\u00f3 el Diputado Omar De Marchi y agreg\u00f3 <em><strong>&#8216;no me quejo, pero en Mendoza quien gobierna es el radicalismo&#8217;. <\/strong><\/em><\/p>\n<p>La reuni\u00f3n a la cual no asisti\u00f3 De Marchi estaba pactada para el pasado lunes, <em><strong>&#8216;esta convocatoria nos pareci\u00f3 rara porque nunca se acord\u00f3 antes qui\u00e9nes conforman Cambia Mendoza hoy ni cuales son los temas&#8217;. &#8216;No est\u00e1 funcionando como una verdadera alianza&#8217;<\/strong> <\/em>declar\u00f3.<\/p>\n<p>En cuando a su futuro pol\u00edtico como candidato a gobernador dijo,<em><strong> &#8216;nosotros estamos trabajando en un plan sostenido en 4 ejes que vamos a a presentar este viernes. A m\u00ed me gustar\u00eda liderar un proceso de transformaci\u00f3n en Mendoza&#8217;.\u00a0<\/strong><\/em><\/p>\n<p>Adem\u00e1s, el Diputado tambi\u00e9n coordina la actividad pol\u00edtica de Rodr\u00edguez Larreta, <strong><em>&#8216;estoy ayudando en este proyecto presidencial porque creo que es el m\u00e1s serio y sereno. Pero mi prioridad absoluta siempre es y ser\u00e1 Mendoza&#8217;.<\/em><\/strong><\/p>\n","protected":false},"excerpt":{"rendered":"<p>Ante el escandalo pol\u00edtico que estall\u00f3 en el PRO por la decisi\u00f3n que tom\u00f3 el Diputado y candidato a Gobernador, Omar &#8230;<\/p>\n","protected":false},"author":7,"featured_media":85090,"comment_status":"open","ping_status":"open","sticky":false,"template":"","format":"standard","meta":{"footnotes":""},"categories":[5,7],"tags":[],"class_list":["post-117214","post","type-post","status-publish","format-standard","has-post-thumbnail","hentry","category-actualidad","category-politica"],"_links":{"self":[{"href":"https:\/\/vinasfm.com\/noticias\/wp-json\/wp\/v2\/posts\/117214","targetHints":{"allow":["GET"]}}],"collection":[{"href":"https:\/\/vinasfm.com\/noticias\/wp-json\/wp\/v2\/posts"}],"about":[{"href":"https:\/\/vinasfm.com\/noticias\/wp-json\/wp\/v2\/types\/post"}],"author":[{"embeddable":true,"href":"https:\/\/vinasfm.com\/noticias\/wp-json\/wp\/v2\/users\/7"}],"replies":[{"embeddable":true,"href":"https:\/\/vinasfm.com\/noticias\/wp-json\/wp\/v2\/comments?post=117214"}],"version-history":[{"count":1,"href":"https:\/\/vinasfm.com\/noticias\/wp-json\/wp\/v2\/posts\/117214\/revisions"}],"predecessor-version":[{"id":117224,"href":"https:\/\/vinasfm.com\/noticias\/wp-json\/wp\/v2\/posts\/117214\/revisions\/117224"}],"wp:featuredmedia":[{"embeddable":true,"href":"https:\/\/vinasfm.com\/noticias\/wp-json\/wp\/v2\/media\/85090"}],"wp:attachment":[{"href":"https:\/\/vinasfm.com\/noticias\/wp-json\/wp\/v2\/media?parent=117214"}],"wp:term":[{"taxonomy":"category","embeddable":true,"href":"https:\/\/vinasfm.com\/noticias\/wp-json\/wp\/v2\/categories?post=117214"},{"taxonomy":"post_tag","embeddable":true,"href":"https:\/\/vinasfm.com\/noticias\/wp-json\/wp\/v2\/tags?post=117214"}],"curies":[{"name":"wp","href":"https:\/\/api.w.org\/{rel}","templated":true}]}}