{"id":117208,"date":"2022-12-22T09:20:36","date_gmt":"2022-12-22T12:20:36","guid":{"rendered":"https:\/\/vinasfm.com\/noticias\/?p=117208"},"modified":"2022-12-23T08:19:07","modified_gmt":"2022-12-23T11:19:07","slug":"mabel-uccelli-dice-que-no-entienden-el-por-que-de-la-decision-de-caltabiano","status":"publish","type":"post","link":"https:\/\/vinasfm.com\/noticias\/mabel-uccelli-dice-que-no-entienden-el-por-que-de-la-decision-de-caltabiano\/","title":{"rendered":"MABEL UCCELLI DECLAR\u00d3 QUE NO ENTIENDEN EL POR QU\u00c9 DE LA DECISI\u00d3N DE CALTABIANO"},"content":{"rendered":"<h4><strong>Ante la inesperada decisi\u00f3n del Concejal Adri\u00e1n Caltabiano de formar su propio bloque dentro del Honorable Concejo Deliberante, Mabel Uccelli dio detalles de la decisi\u00f3n tomada por Caltabiano.\u00a0<\/strong><\/h4>\n<p><em><strong>&#8216;En el d\u00eda de ayer el Concejal se presenta y me solicito una Reuni\u00f3n en la cual me entrega una nota manifestando su separaci\u00f3n del bloque de la UCR dentro del Frente Cambia Mendoza se\u00f1alando que su bloque se llamara Cambia Ya y que va a seguir dentro de la orbita del Frente Cambia Mendoza&#8217;<\/strong><\/em> explic\u00f3 la Presidente del Concejo Deliberante.<\/p>\n<p>El bloque es unipersonal y todav\u00eda no tiene definido las personas que lo van a acompa\u00f1ar,<em><strong> &#8216;desde presidencia se le ha solicitado que por escrito pueda designar a sus dos personas de confianza como corresponde, estamos a la espera de esa notificaci\u00f3n la cual va a ingresar como corresponde anexar al expediente&#8217;<\/strong><\/em> mencion\u00f3.<\/p>\n<p><em><strong>&#8216;Quedan un poco de dudas ya que no hemos tenido dialogo, no sabemos el por qu\u00e9 pero el se acerco con la decisi\u00f3n ya tomada, realmente durante el a\u00f1o tuvimos muy buena comunicaci\u00f3n&#8217;<\/strong><\/em> concluy\u00f3 Mabel Uccelli.<\/p>\n","protected":false},"excerpt":{"rendered":"<p>Ante la inesperada decisi\u00f3n del Concejal Adri\u00e1n Caltabiano de formar su propio bloque dentro del Honorable Concejo Deliberante, Mabel Uccelli dio &#8230;<\/p>\n","protected":false},"author":7,"featured_media":117210,"comment_status":"open","ping_status":"open","sticky":false,"template":"","format":"standard","meta":{"footnotes":""},"categories":[5,7],"tags":[],"class_list":["post-117208","post","type-post","status-publish","format-standard","has-post-thumbnail","hentry","category-actualidad","category-politica"],"_links":{"self":[{"href":"https:\/\/vinasfm.com\/noticias\/wp-json\/wp\/v2\/posts\/117208","targetHints":{"allow":["GET"]}}],"collection":[{"href":"https:\/\/vinasfm.com\/noticias\/wp-json\/wp\/v2\/posts"}],"about":[{"href":"https:\/\/vinasfm.com\/noticias\/wp-json\/wp\/v2\/types\/post"}],"author":[{"embeddable":true,"href":"https:\/\/vinasfm.com\/noticias\/wp-json\/wp\/v2\/users\/7"}],"replies":[{"embeddable":true,"href":"https:\/\/vinasfm.com\/noticias\/wp-json\/wp\/v2\/comments?post=117208"}],"version-history":[{"count":3,"href":"https:\/\/vinasfm.com\/noticias\/wp-json\/wp\/v2\/posts\/117208\/revisions"}],"predecessor-version":[{"id":117215,"href":"https:\/\/vinasfm.com\/noticias\/wp-json\/wp\/v2\/posts\/117208\/revisions\/117215"}],"wp:featuredmedia":[{"embeddable":true,"href":"https:\/\/vinasfm.com\/noticias\/wp-json\/wp\/v2\/media\/117210"}],"wp:attachment":[{"href":"https:\/\/vinasfm.com\/noticias\/wp-json\/wp\/v2\/media?parent=117208"}],"wp:term":[{"taxonomy":"category","embeddable":true,"href":"https:\/\/vinasfm.com\/noticias\/wp-json\/wp\/v2\/categories?post=117208"},{"taxonomy":"post_tag","embeddable":true,"href":"https:\/\/vinasfm.com\/noticias\/wp-json\/wp\/v2\/tags?post=117208"}],"curies":[{"name":"wp","href":"https:\/\/api.w.org\/{rel}","templated":true}]}}