{"id":117205,"date":"2022-12-22T09:04:17","date_gmt":"2022-12-22T12:04:17","guid":{"rendered":"https:\/\/vinasfm.com\/noticias\/?p=117205"},"modified":"2022-12-22T12:01:23","modified_gmt":"2022-12-22T15:01:23","slug":"agustin-anzorena-dio-detalles-sobre-la-reunion-que-mantuvo-junto-al-superintendente-general-de-irrigacion-y-regantes-de-san-pedro-del-atuel","status":"publish","type":"post","link":"https:\/\/vinasfm.com\/noticias\/agustin-anzorena-dio-detalles-sobre-la-reunion-que-mantuvo-junto-al-superintendente-general-de-irrigacion-y-regantes-de-san-pedro-del-atuel\/","title":{"rendered":"AGUST\u00cdN ANZORENA DIO DETALLES SOBRE LA REUNI\u00d3N QUE MANTUVO JUNTO AL SUPERINTENDENTE GENERAL DE IRRIGACI\u00d3N Y REGANTES DE SAN PEDRO DEL ATUEL"},"content":{"rendered":"<h4>El Superintendente General de Irrigaci\u00f3n, Sergio Marinelli, estuvo presente en General Alvear y junto al Subdelegado de Irrigaci\u00f3n Mart\u00edn Hidalgo, el director de Agricultura y Ganader\u00eda Agust\u00edn Anzorena y el Intendente Walther Marcolini; se reuni\u00f3n con productores carmensinos para despejar dudas sobre el manejo del agua.<\/h4>\n<p><strong><em>&#8216;La reuni\u00f3n fue a pedido de los regantes de Carmensa, para poder realizar los reclamos pertinentes al Superintendente General de Irrigaci\u00f3n&#8217;<\/em><\/strong> mencion\u00f3 el Director de Agricultura y Ganader\u00eda, Agust\u00edn Anzorena sobre la reuni\u00f3n con Sergio Marinelli. <strong><em>&#8216;Irrigaci\u00f3n trat\u00f3 de apaciguar un poco el reclamo pero entendemos que est\u00e1n pasando un momento muy complicado a causa de la crisis h\u00eddrica&#8217;<\/em> <\/strong>continu\u00f3.<\/p>\n<p><em><strong>&#8216;Al ser el \u00faltimo distrito regante tienen muchos problemas, es muy dif\u00edcil producir en esas condiciones&#8217;<\/strong><\/em> mencion\u00f3 Anzorena y agreg\u00f3 <strong><em>&#8216;por eso nos comprometimos junto a Irrigaci\u00f3n a completar la impermeabilizaci\u00f3n de causes para ayudar con la infiltraci\u00f3n de agua en ese canal tan importante&#8217;.\u00a0<\/em><\/strong><\/p>\n<p>Por otro lado, Anzorena se refiri\u00f3 a la inspecci\u00f3n, <em><b>&#8216;el presupuesto de la inspecci\u00f3n no fue aprobado por los regantes. El inspector electo renunci\u00f3 junto con toda la comitiva, por eso ahora la inspecci\u00f3n va a estar intervenida por el Departamento General de Irrigaci\u00f3n&#8217;. &#8216;Al no estar aprobado el presupuesto no se puede hacer nada, se suma otro problema al momento dif\u00edcil que est\u00e1n pasando&#8217;\u00a0<\/b><\/em>concluy\u00f3.<\/p>\n","protected":false},"excerpt":{"rendered":"<p>El Superintendente General de Irrigaci\u00f3n, Sergio Marinelli, estuvo presente en General Alvear y junto al Subdelegado de Irrigaci\u00f3n Mart\u00edn Hidalgo, el &#8230;<\/p>\n","protected":false},"author":7,"featured_media":117206,"comment_status":"open","ping_status":"open","sticky":false,"template":"","format":"standard","meta":{"footnotes":""},"categories":[5,10],"tags":[],"class_list":["post-117205","post","type-post","status-publish","format-standard","has-post-thumbnail","hentry","category-actualidad","category-destacadas"],"_links":{"self":[{"href":"https:\/\/vinasfm.com\/noticias\/wp-json\/wp\/v2\/posts\/117205","targetHints":{"allow":["GET"]}}],"collection":[{"href":"https:\/\/vinasfm.com\/noticias\/wp-json\/wp\/v2\/posts"}],"about":[{"href":"https:\/\/vinasfm.com\/noticias\/wp-json\/wp\/v2\/types\/post"}],"author":[{"embeddable":true,"href":"https:\/\/vinasfm.com\/noticias\/wp-json\/wp\/v2\/users\/7"}],"replies":[{"embeddable":true,"href":"https:\/\/vinasfm.com\/noticias\/wp-json\/wp\/v2\/comments?post=117205"}],"version-history":[{"count":2,"href":"https:\/\/vinasfm.com\/noticias\/wp-json\/wp\/v2\/posts\/117205\/revisions"}],"predecessor-version":[{"id":117252,"href":"https:\/\/vinasfm.com\/noticias\/wp-json\/wp\/v2\/posts\/117205\/revisions\/117252"}],"wp:featuredmedia":[{"embeddable":true,"href":"https:\/\/vinasfm.com\/noticias\/wp-json\/wp\/v2\/media\/117206"}],"wp:attachment":[{"href":"https:\/\/vinasfm.com\/noticias\/wp-json\/wp\/v2\/media?parent=117205"}],"wp:term":[{"taxonomy":"category","embeddable":true,"href":"https:\/\/vinasfm.com\/noticias\/wp-json\/wp\/v2\/categories?post=117205"},{"taxonomy":"post_tag","embeddable":true,"href":"https:\/\/vinasfm.com\/noticias\/wp-json\/wp\/v2\/tags?post=117205"}],"curies":[{"name":"wp","href":"https:\/\/api.w.org\/{rel}","templated":true}]}}