{"id":117157,"date":"2022-12-21T08:44:57","date_gmt":"2022-12-21T11:44:57","guid":{"rendered":"https:\/\/vinasfm.com\/noticias\/?p=117157"},"modified":"2022-12-22T08:42:48","modified_gmt":"2022-12-22T11:42:48","slug":"carlos-ponce-oficializo-su-precandidatura-para-las-elecciones-2023","status":"publish","type":"post","link":"https:\/\/vinasfm.com\/noticias\/carlos-ponce-oficializo-su-precandidatura-para-las-elecciones-2023\/","title":{"rendered":"CARLOS PONCE OFICIALIZ\u00d3 SU PRECANDIDATURA PARA LAS ELECCIONES 2023"},"content":{"rendered":"<h4><strong>A comienzo de principio de a\u00f1o la UCR comenz\u00f3 a poner en valor la posibilidad de la candidatura de Carlos Ponce, como sucesor del Intendente Walther Marcolini.<\/strong><\/h4>\n<p><em><strong>&#8216;Esta idea nos llev\u00f3 a estar trabajando durante todo el a\u00f1o, tratando de establecer y encontrar todos los activos pol\u00edticos que hoy nos impulsan y nos hacen ratificar esta precandidatura para el a\u00f1o 2023&#8217;<\/strong><\/em> mencion\u00f3 Carlos Ponce. Su pr\u00f3xima campa\u00f1a se basa en el crecimiento productivo, el cual Ponce defini\u00f3 como <strong><em>&#8216;el tal\u00f3n de Aquiles de General Alvear&#8217;<\/em><\/strong>, tambi\u00e9n se focalizar\u00e1n fuertemente en el desarrollo humano a trav\u00e9s del deporte, cultura y educaci\u00f3n.<\/p>\n<p><em><strong>&#8216;El activo m\u00e1s importante que tenemos es haber podido armar un buen grupo de trabajo que se basa en dos mandamientos b\u00e1sicos: tomar toda la experiencia de todos los dirigentes que llevan a\u00f1os de trabajo en el territorio y ponerle la impronta de todos los j\u00f3venes que vienen a sumar con su esfuerzo y energ\u00eda&#8217;<\/strong><\/em> expres\u00f3 Ponce.<\/p>\n<p><strong><em>&#8216;Entendemos que el desaf\u00edo es grande&#8217;<\/em> <\/strong>mencion\u00f3 y agreg\u00f3 <strong><em>&#8216;est\u00e1n dadas todas las condiciones para que junto a los otros precandidatos, que el radicalismo pueda establecer, se puedan dar buenas batallas de dialogo que nos puedan poner en valor las mejores ideas que puedan transformarse en las pol\u00edticas p\u00fablicas que comiencen a partir de diciembre de 2023&#8217;.\u00a0<\/em><\/strong><\/p>\n<p><em><strong>&#8216;Este proyecto tiene que ver no solo con el dialogo en la pol\u00edtica, sino que tambi\u00e9n que la sociedad venga a enriquecer la pol\u00edtica en funci\u00f3n de las necesidades y decisiones que se quieran tomar a futuro&#8217;<\/strong><\/em> concluy\u00f3 Carlos Ponce.<\/p>\n","protected":false},"excerpt":{"rendered":"<p>A comienzo de principio de a\u00f1o la UCR comenz\u00f3 a poner en valor la posibilidad de la candidatura de Carlos Ponce, &#8230;<\/p>\n","protected":false},"author":7,"featured_media":117160,"comment_status":"open","ping_status":"open","sticky":false,"template":"","format":"standard","meta":{"footnotes":""},"categories":[5,7],"tags":[],"class_list":["post-117157","post","type-post","status-publish","format-standard","has-post-thumbnail","hentry","category-actualidad","category-politica"],"_links":{"self":[{"href":"https:\/\/vinasfm.com\/noticias\/wp-json\/wp\/v2\/posts\/117157","targetHints":{"allow":["GET"]}}],"collection":[{"href":"https:\/\/vinasfm.com\/noticias\/wp-json\/wp\/v2\/posts"}],"about":[{"href":"https:\/\/vinasfm.com\/noticias\/wp-json\/wp\/v2\/types\/post"}],"author":[{"embeddable":true,"href":"https:\/\/vinasfm.com\/noticias\/wp-json\/wp\/v2\/users\/7"}],"replies":[{"embeddable":true,"href":"https:\/\/vinasfm.com\/noticias\/wp-json\/wp\/v2\/comments?post=117157"}],"version-history":[{"count":2,"href":"https:\/\/vinasfm.com\/noticias\/wp-json\/wp\/v2\/posts\/117157\/revisions"}],"predecessor-version":[{"id":117161,"href":"https:\/\/vinasfm.com\/noticias\/wp-json\/wp\/v2\/posts\/117157\/revisions\/117161"}],"wp:featuredmedia":[{"embeddable":true,"href":"https:\/\/vinasfm.com\/noticias\/wp-json\/wp\/v2\/media\/117160"}],"wp:attachment":[{"href":"https:\/\/vinasfm.com\/noticias\/wp-json\/wp\/v2\/media?parent=117157"}],"wp:term":[{"taxonomy":"category","embeddable":true,"href":"https:\/\/vinasfm.com\/noticias\/wp-json\/wp\/v2\/categories?post=117157"},{"taxonomy":"post_tag","embeddable":true,"href":"https:\/\/vinasfm.com\/noticias\/wp-json\/wp\/v2\/tags?post=117157"}],"curies":[{"name":"wp","href":"https:\/\/api.w.org\/{rel}","templated":true}]}}