{"id":117137,"date":"2022-12-20T11:01:50","date_gmt":"2022-12-20T14:01:50","guid":{"rendered":"https:\/\/vinasfm.com\/noticias\/?p=117137"},"modified":"2022-12-21T12:30:00","modified_gmt":"2022-12-21T15:30:00","slug":"defensa-civil-renovo-la-alerta-por-tormentas-con-granizo","status":"publish","type":"post","link":"https:\/\/vinasfm.com\/noticias\/defensa-civil-renovo-la-alerta-por-tormentas-con-granizo\/","title":{"rendered":"DEFENSA CIVIL RENOV\u00d3 LA ALERTA POR TORMENTAS CON GRANIZO"},"content":{"rendered":"<h4><strong>Desde el organismo provincial alertaron por la ocurrencia de tormentas con ocasional ca\u00edda de granizo en gran parte de Mendoza y emitieron una serie de recomendaciones a fin de disminuir los riesgos que puede provocar la situaci\u00f3n meteorol\u00f3gica.<\/strong><\/h4>\n<p>El pron\u00f3stico para este miercoles indica que se registrar\u00e1n temperaturas elevadas y vientos rotando al sector sur. Desde el <strong>Servicio Meteorol\u00f3gico Nacional (SMN)<\/strong>\u00a0anunciaron que la jornada estar\u00e1 marcada por la inestabilidad durante la tarde y la noche.\u00a0<strong>Defensa\u00a0Civil<\/strong>\u00a0de Mendoza emiti\u00f3 una\u00a0<strong>alerta\u00a0<\/strong>amarilla\u00a0debido a la probabilidad de\u00a0<strong>tormentas\u00a0<\/strong>con ocasional ca\u00edda de\u00a0granizo\u00a0que afectar\u00e1n gran parte del territorio provincial.<\/p>\n<p>El comunicado de\u00a0<strong>Defensa Civil\u00a0<\/strong>de la provincia de Mendoza\u00a0aclara que \u00abpermanecen las condiciones de inestabilidad con probabilidad de formaci\u00f3n de tormentas iniciando por la tarde en la zona sur. Posteriormente en la noche, las formaciones de tormentas se extender\u00edan sobre Valle de Uco y Gran Mendoza con menor probabilidad en la zona este. Los modelos indican tormentas moderadas en su mayor\u00eda y no se descarta ocasional ca\u00edda de granizo\u00bb<\/p>\n<p>En el caso de alta monta\u00f1a las condiciones ser\u00e1n inestables con cielo mayormente nublado y\u00a0probabilidad de precipitaciones.<\/p>\n<p>&nbsp;<\/p>\n","protected":false},"excerpt":{"rendered":"<p>Desde el organismo provincial alertaron por la ocurrencia de tormentas con ocasional ca\u00edda de granizo en gran parte de Mendoza y &#8230;<\/p>\n","protected":false},"author":7,"featured_media":117187,"comment_status":"open","ping_status":"open","sticky":false,"template":"","format":"standard","meta":{"footnotes":""},"categories":[5,17],"tags":[],"class_list":["post-117137","post","type-post","status-publish","format-standard","has-post-thumbnail","hentry","category-actualidad","category-clima"],"_links":{"self":[{"href":"https:\/\/vinasfm.com\/noticias\/wp-json\/wp\/v2\/posts\/117137","targetHints":{"allow":["GET"]}}],"collection":[{"href":"https:\/\/vinasfm.com\/noticias\/wp-json\/wp\/v2\/posts"}],"about":[{"href":"https:\/\/vinasfm.com\/noticias\/wp-json\/wp\/v2\/types\/post"}],"author":[{"embeddable":true,"href":"https:\/\/vinasfm.com\/noticias\/wp-json\/wp\/v2\/users\/7"}],"replies":[{"embeddable":true,"href":"https:\/\/vinasfm.com\/noticias\/wp-json\/wp\/v2\/comments?post=117137"}],"version-history":[{"count":5,"href":"https:\/\/vinasfm.com\/noticias\/wp-json\/wp\/v2\/posts\/117137\/revisions"}],"predecessor-version":[{"id":117188,"href":"https:\/\/vinasfm.com\/noticias\/wp-json\/wp\/v2\/posts\/117137\/revisions\/117188"}],"wp:featuredmedia":[{"embeddable":true,"href":"https:\/\/vinasfm.com\/noticias\/wp-json\/wp\/v2\/media\/117187"}],"wp:attachment":[{"href":"https:\/\/vinasfm.com\/noticias\/wp-json\/wp\/v2\/media?parent=117137"}],"wp:term":[{"taxonomy":"category","embeddable":true,"href":"https:\/\/vinasfm.com\/noticias\/wp-json\/wp\/v2\/categories?post=117137"},{"taxonomy":"post_tag","embeddable":true,"href":"https:\/\/vinasfm.com\/noticias\/wp-json\/wp\/v2\/tags?post=117137"}],"curies":[{"name":"wp","href":"https:\/\/api.w.org\/{rel}","templated":true}]}}