{"id":117128,"date":"2022-12-20T09:47:46","date_gmt":"2022-12-20T12:47:46","guid":{"rendered":"https:\/\/vinasfm.com\/noticias\/?p=117128"},"modified":"2022-12-21T10:24:10","modified_gmt":"2022-12-21T13:24:10","slug":"feriado-nacional-una-decision-que-no-es-para-festejar","status":"publish","type":"post","link":"https:\/\/vinasfm.com\/noticias\/feriado-nacional-una-decision-que-no-es-para-festejar\/","title":{"rendered":"FERIADO NACIONAL: UNA DECISI\u00d3N QUE NO ES PARA FESTEJAR"},"content":{"rendered":"<p>Comunicado de la C\u00e1mara de Comercio de General Alvear<\/p>\n<p class=\"has-black-color has-text-color\"><strong>La decisi\u00f3n del Gobierno Nacional de decretar feriado este martes 20<\/strong>\u00a0de diciembre por el arribo de la Selecci\u00f3n Nacional al pa\u00eds, luego de obtener la Copa del Mundo,\u00a0<strong>est\u00e1 lejos de predisponer para la celebraci\u00f3n y m\u00e1s cerca de ser una disposici\u00f3n que busca atentar contra el sector privado.<\/strong><\/p>\n<p class=\"has-black-color has-text-color\">Con la cercan\u00eda de las Fiestas y la posibilidad de recuperar algo de las ya alica\u00eddas ventas, la decisi\u00f3n de decretar feriado y nacional no hace m\u00e1s que perjudicar al sector comercial.<\/p>\n<p class=\"has-black-color has-text-color\">Pero tambi\u00e9n afecta por igual al sector productivo, de servicios y sobre todo pyme, aumentando una vez m\u00e1s los costos al tener la obligaci\u00f3n de pagar el d\u00eda de trabajo con el adicional correspondiente, si se decide abrir.<\/p>\n<p class=\"has-black-color has-text-color\">Tal vez la medida parezca acertada en el Gran Buenos Aires por los problemas que los festejos pueden ocasionar en el tr\u00e1nsito, pero es inentendible que se aplique a todo el pa\u00eds.<\/p>\n<p class=\"has-black-color has-text-color\">Todos tenemos derecho a festejar con nuestra Selecci\u00f3n Nacional tama\u00f1o logro deportivo, sin embargo, as\u00ed como nos llenamos de felicidad junto a ellos y se nos infla el pecho de orgullo, tambi\u00e9n pretendemos seguir el ejemplo que nos dejaron: los objetivos se consiguen con compromiso, trabajo constante y sacrificio.<\/p>\n<p class=\"has-black-color has-text-color\">Ante esta situaci\u00f3n, para honrar a nuestra patria y seguir el ejemplo que transmiti\u00f3 la Selecci\u00f3n Argentina, desde la C\u00e1mara de Comercio, Industria, Agricultura y Ganader\u00eda de General Alvear rechazamos la decisi\u00f3n de decretar feriado nacional y elegimos \u201cfestejar trabajando\u201d.<\/p>\n","protected":false},"excerpt":{"rendered":"<p>Comunicado de la C\u00e1mara de Comercio de General Alvear La decisi\u00f3n del Gobierno Nacional de decretar feriado este martes 20\u00a0de diciembre &#8230;<\/p>\n","protected":false},"author":7,"featured_media":45432,"comment_status":"open","ping_status":"open","sticky":false,"template":"","format":"standard","meta":{"footnotes":""},"categories":[5,32],"tags":[],"class_list":["post-117128","post","type-post","status-publish","format-standard","has-post-thumbnail","hentry","category-actualidad","category-camara-de-comercio"],"_links":{"self":[{"href":"https:\/\/vinasfm.com\/noticias\/wp-json\/wp\/v2\/posts\/117128","targetHints":{"allow":["GET"]}}],"collection":[{"href":"https:\/\/vinasfm.com\/noticias\/wp-json\/wp\/v2\/posts"}],"about":[{"href":"https:\/\/vinasfm.com\/noticias\/wp-json\/wp\/v2\/types\/post"}],"author":[{"embeddable":true,"href":"https:\/\/vinasfm.com\/noticias\/wp-json\/wp\/v2\/users\/7"}],"replies":[{"embeddable":true,"href":"https:\/\/vinasfm.com\/noticias\/wp-json\/wp\/v2\/comments?post=117128"}],"version-history":[{"count":1,"href":"https:\/\/vinasfm.com\/noticias\/wp-json\/wp\/v2\/posts\/117128\/revisions"}],"predecessor-version":[{"id":117130,"href":"https:\/\/vinasfm.com\/noticias\/wp-json\/wp\/v2\/posts\/117128\/revisions\/117130"}],"wp:featuredmedia":[{"embeddable":true,"href":"https:\/\/vinasfm.com\/noticias\/wp-json\/wp\/v2\/media\/45432"}],"wp:attachment":[{"href":"https:\/\/vinasfm.com\/noticias\/wp-json\/wp\/v2\/media?parent=117128"}],"wp:term":[{"taxonomy":"category","embeddable":true,"href":"https:\/\/vinasfm.com\/noticias\/wp-json\/wp\/v2\/categories?post=117128"},{"taxonomy":"post_tag","embeddable":true,"href":"https:\/\/vinasfm.com\/noticias\/wp-json\/wp\/v2\/tags?post=117128"}],"curies":[{"name":"wp","href":"https:\/\/api.w.org\/{rel}","templated":true}]}}