{"id":117123,"date":"2022-12-20T09:34:11","date_gmt":"2022-12-20T12:34:11","guid":{"rendered":"https:\/\/vinasfm.com\/noticias\/?p=117123"},"modified":"2022-12-21T09:45:19","modified_gmt":"2022-12-21T12:45:19","slug":"la-nacion-retiro-su-fuerte-apoyo-a-la-pampa-por-las-disputas-con-mendoza-sobre-el-rio-atuel","status":"publish","type":"post","link":"https:\/\/vinasfm.com\/noticias\/la-nacion-retiro-su-fuerte-apoyo-a-la-pampa-por-las-disputas-con-mendoza-sobre-el-rio-atuel\/","title":{"rendered":"LA NACI\u00d3N REITER\u00d3 SU FUERTE APOYO A LA PAMPA POR LAS DISPUTAS CON MENDOZA SOBRE EL R\u00cdO ATUEL"},"content":{"rendered":"<h4><strong>El ministro de Ambiente, Juan Cabandi\u00e9, afirm\u00f3 esta semana que apoyar\u00e1 a La Pampa en su reclamo por el uso que hace Mendoza del r\u00edo Atuel y prometi\u00f3 brindar herramientas t\u00e9cnicas para defender la posici\u00f3n de la provincia vecina en el conflicto.<\/strong><\/h4>\n<p><strong>La Naci\u00f3n contin\u00faa alineada con La Pampa<\/strong>\u00a0en la discusi\u00f3n sobre el uso que hace\u00a0<strong>Mendoza<\/strong>\u00a0sobre las\u00a0<strong>cuencas h\u00eddricas<\/strong>. Esta semana, el ministro de Ambiente,\u00a0<strong>Juan Cabandi\u00e9<\/strong>, prometi\u00f3 que el gobierno central brindar\u00e1\u00a0<strong>apoyo t\u00e9cnico<\/strong>\u00a0para fortalecer la postura de la provincia vecina.<\/p>\n<div class=\"AV628be11f1759070b186149c8\">\n<div id=\"aniBox\">\n<div id=\"aniplayer_AV628be11f1759070b186149c8-1671539365267\">\n<div id=\"aniplayer_AV628be11f1759070b186149c8-1671539365267gui\">\n<div id=\"av-caption\">\n<div id=\"av-close-btn-overlay\" class=\"av-pos-top-left\">Fue durante una reuni\u00f3n que se produjo en Buenos Aires entre Cabandi\u00e9, el secretario general de la Gobernaci\u00f3n pampeano<strong>\u00a0Jos\u00e9 Vanini<\/strong>\u00a0y su subsecretario de Ambiente,\u00a0<strong>Fabi\u00e1n Tittarelli<\/strong>.<\/div>\n<\/div>\n<\/div>\n<div>\n<p>Cabandi\u00e9 asegur\u00f3 que la conversaci\u00f3n abord\u00f3 temas vinculados con \u00abla\u00a0<strong>agenda ambiental e inversiones<\/strong>\u00a0que llevamos adelante en\u00a0<strong>La Pampa<\/strong>, donde ya destinamos m\u00e1s de\u00a0<strong>$250 millones en maquinaria<\/strong>\u00a0como parte de la Gesti\u00f3n Integral de Residuos S\u00f3lidos Urbanos (Girsu)\u00bb.<\/p>\n<p>Pero luego se refiri\u00f3 al tema que m\u00e1s pega en Mendoza: las\u00a0<strong>diferencias respecto a la utilizaci\u00f3n y distribuci\u00f3n del agua<\/strong>.<\/p>\n<h4>Cabandi\u00e9 apoy\u00f3 a La Pampa en el reclamo por el Atuel<\/h4>\n<p>Los funcionarios pampeanos le recordaron al ministro que\u00a0<strong>existe un fallo de la Corte Supema<\/strong>\u00a0donde \u00abse fij\u00f3 como meta interina un caudal m\u00ednimo permanente del r\u00edo Atuel de<strong>\u00a03,2 metros c\u00fabicos por segundo<\/strong>\u00a0en el l\u00edmite entre La Pampa y Mendoza\u00bb. Denunciaron que no se est\u00e1 cumpliendo con ese fallo.<\/p>\n<p>Ante eso, el titular de la cartera ambiental respondi\u00f3 que \u00ab<strong>acompa\u00f1a a La Pampa en su justo reclamo sobre el derecho del curso del r\u00edo Atuel<\/strong>\u00ab.<\/p>\n<p>\u00abVamos a brindar apoyo con\u00a0<strong>capacidades t\u00e9cnicas<\/strong>\u00a0para restituir este recurso que la provincia de Mendoza le impide hace a\u00f1os\u00bb, agreg\u00f3.<\/p>\n<p>Por si el lector no lo sabe, hay un dato obvio que aporta\u00a0<strong>otra capa conceptual<\/strong>\u00a0para entender las tensiones: en La Pampa gobierna el peronismo y en Mendoza los radicales.<\/p>\n<h4>La Pampa, Mendoza y el agua: un problema de larga data<\/h4>\n<p>De todos modos, el\u00a0<strong>conflicto entre Mendoza y La Pampa alrededor de los recursos h\u00eddricos<\/strong>\u00a0ya tiene m\u00e1s de 75 a\u00f1os y, lejos de apaciguarse, pareciera que no hace m\u00e1s que escalar.<\/p>\n<p>La periodista de UNO Rosana Villegas, de hecho, cont\u00f3 hace algunos meses que en colegios de la vecina provincia se canta la\u00a0<strong>\u00abZamba del r\u00edo robado\u00bb<\/strong>, en alusi\u00f3n al Atuel.<\/p>\n<p>Es que a mediados del siglo XX, la construcci\u00f3n de los diques Los Nihuiles, en San Rafael, alter\u00f3 la llegada de agua a territorio pampeano,<strong>\u00a0afectando los ecosistemas de esa provincia<\/strong>.<\/p>\n<p>En 2020, un fallo de la Corte Suprema determin\u00f3 que Mendoza deb\u00eda\u00a0<strong>garantizar 3,2 metros c\u00fabicos por segundo en el l\u00edmite con suelo pampeano<\/strong>.<\/p>\n<p>Ya en marzo de 2022, la fiscal de Estado de La Pampa\u00a0<strong>Romina Schmidt<\/strong>\u00a0present\u00f3<strong>\u00a0una cautelar ambiental ante la Corte Suprema de Justicia\u00a0<\/strong>en la que exigi\u00f3 que\u00a0Mendoza \u201csuelte un caudal m\u00ednimo del R\u00edo Atuel\u201d\u00a0antes de sentarse a discutir nuevos proyectos, en referencia a la presa\u00a0<strong>Portezuelo del Viento<\/strong>.<\/p>\n<p>Por su parte, el ministro de Infraestructura de Mendoza,\u00a0<strong>Mario<\/strong>\u00a0<strong>Isgro<\/strong>, neg\u00f3 que se est\u00e9 incumpliendo con el fallo que libr\u00f3 el m\u00e1ximo tribunal, al tiempo que advirti\u00f3 sobre la\u00a0<strong>necesidad de obras<\/strong>\u00a0que son imprescindibles para alcanzar el caudal solicitado.<\/p>\n<p>\u00abEstamos haciendo lo que nos marc\u00f3 la Justicia. Trabajamos en forma conjunta las dos provincias, con participaci\u00f3n de la Secretar\u00eda de Recursos H\u00eddricos del Ministerio de Infraestructura de La Naci\u00f3n, para\u00a0<strong>hacer las obras pertinentes que nos permitan erogar ese caudal<\/strong>\u00ab, asegur\u00f3 Isgro.<\/p>\n<p>Es en ese contexto que\u00a0<strong>La Pampa empez\u00f3 a endurecer posiciones<\/strong>\u00a0sobre pr\u00e1cticamente cualquier proyecto que tenga en mente el gobierno mendocino. El ejemplo m\u00e1s vistoso es la hasta ahora fallida megapresa\u00a0<strong>Portezuelo del Viento<\/strong>. Pero m\u00e1s recientemente, proyectos como el dique\u00a0<strong>El Baqueano<\/strong>\u00a0recibieron cr\u00edticas de los pampeanos.<\/p>\n<h4>Mendoza apur\u00f3 a Alberto Fern\u00e1ndez para que laude por Portezuelo<\/h4>\n<p>La procuradora fiscal ante la\u00a0<strong>Corte Suprema<\/strong>\u00a0de Justicia de la Naci\u00f3n,\u00a0<strong>Laura Mercedes Monti<\/strong>, acaba de dictaminar que la acci\u00f3n de\u00a0amparo por mora que\u00a0<strong>Rodolfo Suarez\u00a0<\/strong>present\u00f3 para solicitar el r\u00e1pido pronunciamiento del presidente Alberto Fern\u00e1ndez en el arbitraje por\u00a0<strong>Portezuelo del Viento<\/strong>\u00a0debe tramitarse efectivamente ante el m\u00e1ximo tribunal.<\/p>\n<p>Su opini\u00f3n fue requerida luego de que<strong>\u00a0el gobernador, en representaci\u00f3n de Mendoza, interpusiera formalmente una acci\u00f3n de amparo por mora\u00a0<\/strong>en la administraci\u00f3n en contra del Gobierno nacional el pasado 25 de octubre.<\/p>\n<p>\u00abA fin de\u00a0<strong>que dictamine acerca de la competencia del Tribunal<\/strong>, pasen las actuaciones a la Procuraci\u00f3n General de la Naci\u00f3n\u00bb, rezaba el prove\u00eddo que finalmente fue respondido el 6 de diciembre.<\/p>\n<p>Ahora s\u00ed el expediente qued\u00f3 en manos de la<strong>\u00a0Secretar\u00eda de Juicios Ambientales<\/strong>\u00a0a cargo de\u00a0<strong>N\u00e9stor Cafferatta<\/strong>.<\/p>\n<p>Si bien en el fondo de la cuesti\u00f3n ser\u00e1 la Corte la que decida, para que esto sucediera\u00a0<strong>era necesario que la procuradora fiscal se expresara acerca de la competencia originaria del m\u00e1ximo tribunal.<\/strong><\/p>\n<p>Con ello,\u00a0<strong>el gobernador Suarez busca que la Justicia obligue al presidente a concretar el postergado laudo<\/strong>\u00a0que habilitar\u00eda -o cerrar\u00eda- la v\u00eda jur\u00eddica para que se realice la obra.<\/p>\n<\/div>\n<\/div>\n<\/div>\n<\/div>\n","protected":false},"excerpt":{"rendered":"<p>El ministro de Ambiente, Juan Cabandi\u00e9, afirm\u00f3 esta semana que apoyar\u00e1 a La Pampa en su reclamo por el uso que &#8230;<\/p>\n","protected":false},"author":7,"featured_media":117125,"comment_status":"open","ping_status":"open","sticky":false,"template":"","format":"standard","meta":{"footnotes":""},"categories":[5,10],"tags":[],"class_list":["post-117123","post","type-post","status-publish","format-standard","has-post-thumbnail","hentry","category-actualidad","category-destacadas"],"_links":{"self":[{"href":"https:\/\/vinasfm.com\/noticias\/wp-json\/wp\/v2\/posts\/117123","targetHints":{"allow":["GET"]}}],"collection":[{"href":"https:\/\/vinasfm.com\/noticias\/wp-json\/wp\/v2\/posts"}],"about":[{"href":"https:\/\/vinasfm.com\/noticias\/wp-json\/wp\/v2\/types\/post"}],"author":[{"embeddable":true,"href":"https:\/\/vinasfm.com\/noticias\/wp-json\/wp\/v2\/users\/7"}],"replies":[{"embeddable":true,"href":"https:\/\/vinasfm.com\/noticias\/wp-json\/wp\/v2\/comments?post=117123"}],"version-history":[{"count":2,"href":"https:\/\/vinasfm.com\/noticias\/wp-json\/wp\/v2\/posts\/117123\/revisions"}],"predecessor-version":[{"id":117136,"href":"https:\/\/vinasfm.com\/noticias\/wp-json\/wp\/v2\/posts\/117123\/revisions\/117136"}],"wp:featuredmedia":[{"embeddable":true,"href":"https:\/\/vinasfm.com\/noticias\/wp-json\/wp\/v2\/media\/117125"}],"wp:attachment":[{"href":"https:\/\/vinasfm.com\/noticias\/wp-json\/wp\/v2\/media?parent=117123"}],"wp:term":[{"taxonomy":"category","embeddable":true,"href":"https:\/\/vinasfm.com\/noticias\/wp-json\/wp\/v2\/categories?post=117123"},{"taxonomy":"post_tag","embeddable":true,"href":"https:\/\/vinasfm.com\/noticias\/wp-json\/wp\/v2\/tags?post=117123"}],"curies":[{"name":"wp","href":"https:\/\/api.w.org\/{rel}","templated":true}]}}